{"id":1128,"date":"2021-02-17T16:37:05","date_gmt":"2021-02-17T15:37:05","guid":{"rendered":"http:\/\/www.diy-ideenreich.de\/?p=1128"},"modified":"2021-02-17T16:37:06","modified_gmt":"2021-02-17T15:37:06","slug":"wenn-der-akku-leer-ist-trotzdem-noch-die-kinder-beschaeftigen","status":"publish","type":"post","link":"http:\/\/diy-ideenreich.de\/?p=1128","title":{"rendered":"Wenn der Akku leer ist \u2013 trotzdem noch die Kinder besch\u00e4ftigen"},"content":{"rendered":"\n<p>Wenn ich mein Tagestief habe, habe ich vier M\u00f6glichkeiten:<\/p>\n\n\n\n<p>Mich immer mehr zu \u00e4rgern, weil ich ersch\u00f6pft und m\u00fcde bin, aber trotzdem volles Programm weiterfahre, weil es sein muss, was aber nicht klappt \u2013 das nehme ich schon einmal vorweg (leidlich erprobt und oft genug gescheitert).<\/p>\n\n\n\n<p>Immer gen\u00fcgend essen und trinken. Klingt banal, aber auch die Erfahrung habe ich machen m\u00fcssen. Wie schon in meinem Arbeitsleben im B\u00fcro, vergesse ich schlichtweg beides, wenn ich besch\u00e4ftigt bin. <\/p>\n\n\n\n<figure class=\"wp-block-image size-large is-resized\"><img loading=\"lazy\" decoding=\"async\" src=\"http:\/\/www.diy-ideenreich.de\/wp-content\/uploads\/2021\/02\/IMG_0150-1024x768.jpg\" alt=\"\" class=\"wp-image-1134\" width=\"335\" height=\"251\" srcset=\"http:\/\/diy-ideenreich.de\/wp-content\/uploads\/2021\/02\/IMG_0150-1024x768.jpg 1024w, http:\/\/diy-ideenreich.de\/wp-content\/uploads\/2021\/02\/IMG_0150-300x225.jpg 300w, http:\/\/diy-ideenreich.de\/wp-content\/uploads\/2021\/02\/IMG_0150-768x576.jpg 768w, http:\/\/diy-ideenreich.de\/wp-content\/uploads\/2021\/02\/IMG_0150-1536x1152.jpg 1536w, http:\/\/diy-ideenreich.de\/wp-content\/uploads\/2021\/02\/IMG_0150-360x270.jpg 360w, http:\/\/diy-ideenreich.de\/wp-content\/uploads\/2021\/02\/IMG_0150.jpg 2048w\" sizes=\"auto, (max-width: 335px) 100vw, 335px\" \/><\/figure>\n\n\n\n<p><\/p>\n\n\n\n<p>Wenn ich rotiere, verpasse ich schon mal den richtigen Zeitpunkt. Mittlerweile wei\u00df ich ungef\u00e4hr, wann es abw\u00e4rts geht und wann ich vielleicht gegensteuern muss. Was bei der Arbeit in der Regel durch Pausenzeiten geregelt ist (bei flexibler Arbeitszeit allerdings nicht, daher kenne ich das Problem sehr gut \u2013 schnell mal eben noch xy erledigen), f\u00e4llt selber etwas zu essen im Alltag zu Hause, vor allem mit Kindern, schon mal unter den Tisch, statt etwas auf den Tisch zu zaubern. Dabei geht es gar nicht so sehr um feste Essenszeiten der Kinder, die habe ich drin. Sondern ich vergesse einfach mal zu essen und vor allem zu trinken. Selbstsorge! Die musste ich tats\u00e4chlich lernen. Seitdem l\u00e4uft es besser. Nicht perfekt. Und nicht jeden Tag gleicherma\u00dfen gut. Aber es geht Schritt f\u00fcr Schritt besser. Eine Freundin (mit vier, sehr erfolgreich gro\u00dfgezogenen Kindern) meinte einmal zu mir, die Gelassenheit kommt mit der Erfahrung. Also: es besteht noch Hoffnung.<\/p>\n\n\n\n<figure class=\"wp-block-image size-large is-resized\"><img loading=\"lazy\" decoding=\"async\" src=\"http:\/\/www.diy-ideenreich.de\/wp-content\/uploads\/2021\/02\/IMG_9818-1024x768.jpg\" alt=\"\" class=\"wp-image-1135\" width=\"491\" height=\"368\" srcset=\"http:\/\/diy-ideenreich.de\/wp-content\/uploads\/2021\/02\/IMG_9818-1024x768.jpg 1024w, http:\/\/diy-ideenreich.de\/wp-content\/uploads\/2021\/02\/IMG_9818-300x225.jpg 300w, http:\/\/diy-ideenreich.de\/wp-content\/uploads\/2021\/02\/IMG_9818-768x576.jpg 768w, http:\/\/diy-ideenreich.de\/wp-content\/uploads\/2021\/02\/IMG_9818-1536x1152.jpg 1536w, http:\/\/diy-ideenreich.de\/wp-content\/uploads\/2021\/02\/IMG_9818-360x270.jpg 360w, http:\/\/diy-ideenreich.de\/wp-content\/uploads\/2021\/02\/IMG_9818.jpg 2048w\" sizes=\"auto, (max-width: 491px) 100vw, 491px\" \/><\/figure>\n\n\n\n<p><\/p>\n\n\n\n<p>Dann versuche ich Ruhepausen einzubauen. Mittagsschlaf haben meine beiden Kinder nicht erfunden, sondern eher abgeschafft. In ganz seltenen F\u00e4llen konnte ich mich mit beiden hinlegen. Eines ist irgendwie immer wach, das andere w\u00fcrde vielleicht mit mir einschlafen. Kurz, wenn ich alleine bin und mein Mann das wache Kind somit nicht besch\u00e4ftigen kann, muss ich kreativ werden. Manchmal klappt ein gem\u00fctliches Kuscheln und Vorlesen, aber wenn ich selbst dazu zu m\u00fcde bin, dann gehe ich meistens \u00fcber zu Option 4.<\/p>\n\n\n\n<p>Ab nach drau\u00dfen! Das ist meine Kraftquelle. Meistens. Es klappt nicht jeden Tag gleich gut und wenn zwei Kinder, zwei verschiedene Dinge in unterschiedlichen Himmelsrichtungen machen wollen\u2026 Mit niedrigem Energiestand z\u00e4h, aber doch machbar mit der richtigen \u00dcberredungstaktik.<\/p>\n\n\n\n<figure class=\"wp-block-image size-large is-resized\"><img loading=\"lazy\" decoding=\"async\" src=\"http:\/\/www.diy-ideenreich.de\/wp-content\/uploads\/2021\/02\/IMG_4508-1024x768.jpg\" alt=\"\" class=\"wp-image-1130\" width=\"567\" height=\"425\" srcset=\"http:\/\/diy-ideenreich.de\/wp-content\/uploads\/2021\/02\/IMG_4508-1024x768.jpg 1024w, http:\/\/diy-ideenreich.de\/wp-content\/uploads\/2021\/02\/IMG_4508-300x225.jpg 300w, http:\/\/diy-ideenreich.de\/wp-content\/uploads\/2021\/02\/IMG_4508-768x576.jpg 768w, http:\/\/diy-ideenreich.de\/wp-content\/uploads\/2021\/02\/IMG_4508-1536x1152.jpg 1536w, http:\/\/diy-ideenreich.de\/wp-content\/uploads\/2021\/02\/IMG_4508-2048x1536.jpg 2048w, http:\/\/diy-ideenreich.de\/wp-content\/uploads\/2021\/02\/IMG_4508-360x270.jpg 360w\" sizes=\"auto, (max-width: 567px) 100vw, 567px\" \/><\/figure>\n\n\n\n<p><\/p>\n\n\n\n<p>Alles in Allem klappt es bei mir ganz gut, dank vorhanden Garten und W\u00e4ldern in der N\u00e4he. Laufen, Toben, Picknicken, Buddeln, das hilft immer. Stra\u00dfenkreide raus, Seifenblasen, Erde, Gr\u00fcnschnitt, Eimer, Wasser. Letzteres hilft besonders gut. Hier achte ich aber nat\u00fcrlich immer auf die Witterung, den kausalen Zusammenhang zwischen nass und krank k\u00f6nnen Kleinkinder noch nicht einsch\u00e4tzen. Daher achte ich vorher darauf, was ich mit ihnen drau\u00dfen mache. Es gibt Matschhosen und Gummistiefel, aber trotzdem k\u00f6nnen Kinder klatschnass werden. Jedes Mal sich umziehen oder den Kindern pl\u00f6tzlich die Wasserquelle wegnehmen kostet nur mehr Kr\u00e4fte und ist kein Gewinn.<\/p>\n\n\n\n<figure class=\"wp-block-image size-large is-resized\"><img loading=\"lazy\" decoding=\"async\" src=\"http:\/\/www.diy-ideenreich.de\/wp-content\/uploads\/2021\/02\/IMG_5167-1024x408.jpg\" alt=\"\" class=\"wp-image-1131\" width=\"671\" height=\"267\" srcset=\"http:\/\/diy-ideenreich.de\/wp-content\/uploads\/2021\/02\/IMG_5167-1024x408.jpg 1024w, http:\/\/diy-ideenreich.de\/wp-content\/uploads\/2021\/02\/IMG_5167-300x119.jpg 300w, http:\/\/diy-ideenreich.de\/wp-content\/uploads\/2021\/02\/IMG_5167-768x306.jpg 768w, http:\/\/diy-ideenreich.de\/wp-content\/uploads\/2021\/02\/IMG_5167-1536x611.jpg 1536w, http:\/\/diy-ideenreich.de\/wp-content\/uploads\/2021\/02\/IMG_5167-2048x815.jpg 2048w\" sizes=\"auto, (max-width: 671px) 100vw, 671px\" \/><\/figure>\n\n\n\n<p><\/p>\n","protected":false},"excerpt":{"rendered":"<p>Wenn ich mein Tagestief habe, habe ich vier M\u00f6glichkeiten: Mich immer mehr zu \u00e4rgern, weil ich ersch\u00f6pft und m\u00fcde bin, [&hellip;]<\/p>\n","protected":false},"author":1,"featured_media":1129,"comment_status":"open","ping_status":"open","sticky":false,"template":"","format":"standard","meta":{"footnotes":""},"categories":[1,35,15],"tags":[87,326,323,57,328,324,325,322,329,327],"class_list":["post-1128","post","type-post","status-publish","format-standard","has-post-thumbnail","hentry","category-allgemein","category-allgemeines","category-startseiten-beitraege","tag-alltag-mit-kindern","tag-das-leben-ist-bunt","tag-elternsein","tag-kinder-beschaeftigen","tag-kraftquellen","tag-leben-mit-kindern","tag-leben-mit-kleinkindern","tag-mamasein","tag-selbstsorge","tag-tiefs-ueberwinden"],"_links":{"self":[{"href":"http:\/\/diy-ideenreich.de\/index.php?rest_route=\/wp\/v2\/posts\/1128","targetHints":{"allow":["GET"]}}],"collection":[{"href":"http:\/\/diy-ideenreich.de\/index.php?rest_route=\/wp\/v2\/posts"}],"about":[{"href":"http:\/\/diy-ideenreich.de\/index.php?rest_route=\/wp\/v2\/types\/post"}],"author":[{"embeddable":true,"href":"http:\/\/diy-ideenreich.de\/index.php?rest_route=\/wp\/v2\/users\/1"}],"replies":[{"embeddable":true,"href":"http:\/\/diy-ideenreich.de\/index.php?rest_route=%2Fwp%2Fv2%2Fcomments&post=1128"}],"version-history":[{"count":1,"href":"http:\/\/diy-ideenreich.de\/index.php?rest_route=\/wp\/v2\/posts\/1128\/revisions"}],"predecessor-version":[{"id":1136,"href":"http:\/\/diy-ideenreich.de\/index.php?rest_route=\/wp\/v2\/posts\/1128\/revisions\/1136"}],"wp:featuredmedia":[{"embeddable":true,"href":"http:\/\/diy-ideenreich.de\/index.php?rest_route=\/wp\/v2\/media\/1129"}],"wp:attachment":[{"href":"http:\/\/diy-ideenreich.de\/index.php?rest_route=%2Fwp%2Fv2%2Fmedia&parent=1128"}],"wp:term":[{"taxonomy":"category","embeddable":true,"href":"http:\/\/diy-ideenreich.de\/index.php?rest_route=%2Fwp%2Fv2%2Fcategories&post=1128"},{"taxonomy":"post_tag","embeddable":true,"href":"http:\/\/diy-ideenreich.de\/index.php?rest_route=%2Fwp%2Fv2%2Ftags&post=1128"}],"curies":[{"name":"wp","href":"https:\/\/api.w.org\/{rel}","templated":true}]}}