{"id":1163,"date":"2021-03-08T09:45:37","date_gmt":"2021-03-08T08:45:37","guid":{"rendered":"http:\/\/www.diy-ideenreich.de\/?p=1163"},"modified":"2021-03-08T09:45:39","modified_gmt":"2021-03-08T08:45:39","slug":"weltfrauen-tag","status":"publish","type":"post","link":"http:\/\/diy-ideenreich.de\/?p=1163","title":{"rendered":"Weltfrauen Tag"},"content":{"rendered":"\n<p>Was soll man dazu sagen. Alice Schwarzer meinte, sie w\u00fcrde diesen Tag abschaffen, da er f\u00fcr sie blanker Hohn sei. Wenn man dies genau betrachtet, hat sie gewisserma\u00dfen damit Recht. Denn dazu kommt mir in den Sinn, wie es meine Mutter mit Muttertag getan hat. Dieser wurde n\u00e4mlich bei uns, als wir dann \u201ealt genug waren\u201c, rigoros abgeschafft.<\/p>\n\n\n\n<p>Als wir noch im Kindergartenalter waren, durften wir ihr nat\u00fcrlich unsere gebastelten Werke schenken, aber als wir ein gewisses Alter hatten, um ihre Sicht zu verstehen, wollte sie \u201eganzj\u00e4hrig liebe Kinder\u201c bzw. meinte meine Mutter damals: \u201eNa, toll. Da ist dann ein Tag, da schuftet frau mal wieder in der K\u00fcche und bekommt daf\u00fcr einen Strau\u00df Blumen. Und den Rest des Jahres soll Muttern wieder den Mund halten und weiter putzen, kochen, Kinder h\u00fcten.\u201c<\/p>\n\n\n\n<p>Das hatte tats\u00e4chlich \u00fcbrigens zur Folge, dass meine Mutter jetzt \u00fcber das Jahr hinweg immer mal wieder \u201eNicht-Muttertags-Geschenke\u201c erh\u00e4lt und somit wir viel \u00f6fter daran denken.<\/p>\n\n\n\n<p>So w\u00fcrde ich dann zumindest Frau Schwarzers \u00c4u\u00dferung verstehen und das macht f\u00fcr mich Sinn.<\/p>\n\n\n\n<p>Andererseits, da auf der GANZEN Welt immer noch nicht die Geschlechter gleichwertig behandelt werden bzw. Diversit\u00e4t, Gender und Gleichberechtigung immer wieder neu ausgehandelt und erk\u00e4mpft werden m\u00fcssen, m\u00fcssen wir immer wieder daran erinnert werden! Dazu ist so ein Tag da. Wir m\u00fcssen SEHEN und ERKENNEN, &nbsp;dass unsere Rechte, unsere Freiheit (und damit meine ich auch die der M\u00e4nner \u2013 denn gleichberechtigt zu sein, ist in manchen Bereichen auch f\u00fcr M\u00e4nner noch nicht erreicht) nicht selbstverst\u00e4ndlich sind und dass wir sie sch\u00fctzen und f\u00fcr das Gute eintreten M\u00dcSSEN. Daher hoffe ich, dass dieser Tag von beiden Geschlechtern gefeiert, aber auch als Mahnung gesehen wird, sich aufzumachen und Ungerechtigkeiten (egal gegen welches Geschlecht, Person, Individuum) zu beseitigen.<\/p>\n\n\n\n<p>Das gilt gerade auch f\u00fcr Eltern, denn WIR erziehen die N\u00c4CHSTE Generation und was wollen wir f\u00fcr unsere Kinder?!<\/p>\n\n\n\n<p>Freiheit, Gleichwertigkeit, Menschlichkeit! Daf\u00fcr sollten wir eintreten. JEDEN Tag und nicht nur am Weltfrauentag.<\/p>\n","protected":false},"excerpt":{"rendered":"<p>Was soll man dazu sagen. Alice Schwarzer meinte, sie w\u00fcrde diesen Tag abschaffen, da er f\u00fcr sie blanker Hohn sei. [&hellip;]<\/p>\n","protected":false},"author":1,"featured_media":1164,"comment_status":"open","ping_status":"open","sticky":false,"template":"","format":"standard","meta":{"footnotes":""},"categories":[1,35,15],"tags":[359,358,353,323,360,354,355,350,351,352,357,349,361,356,362],"class_list":["post-1163","post","type-post","status-publish","format-standard","has-post-thumbnail","hentry","category-allgemein","category-allgemeines","category-startseiten-beitraege","tag-bildung-als-praevention","tag-diversitaet","tag-eine-gerechtere-welt","tag-elternsein","tag-erziehung-und-verantwortung","tag-frauenpower","tag-frauenrechte","tag-frauenrechte-sind-menschenrechte","tag-freiheit-gleichheit-schwesterlichkeit","tag-freiheit-gleichwertigkeit-menschlichkeit","tag-vielfaeltigkeit","tag-weltfrauentag","tag-womenpower","tag-womensday","tag-womensrights"],"_links":{"self":[{"href":"http:\/\/diy-ideenreich.de\/index.php?rest_route=\/wp\/v2\/posts\/1163","targetHints":{"allow":["GET"]}}],"collection":[{"href":"http:\/\/diy-ideenreich.de\/index.php?rest_route=\/wp\/v2\/posts"}],"about":[{"href":"http:\/\/diy-ideenreich.de\/index.php?rest_route=\/wp\/v2\/types\/post"}],"author":[{"embeddable":true,"href":"http:\/\/diy-ideenreich.de\/index.php?rest_route=\/wp\/v2\/users\/1"}],"replies":[{"embeddable":true,"href":"http:\/\/diy-ideenreich.de\/index.php?rest_route=%2Fwp%2Fv2%2Fcomments&post=1163"}],"version-history":[{"count":1,"href":"http:\/\/diy-ideenreich.de\/index.php?rest_route=\/wp\/v2\/posts\/1163\/revisions"}],"predecessor-version":[{"id":1165,"href":"http:\/\/diy-ideenreich.de\/index.php?rest_route=\/wp\/v2\/posts\/1163\/revisions\/1165"}],"wp:featuredmedia":[{"embeddable":true,"href":"http:\/\/diy-ideenreich.de\/index.php?rest_route=\/wp\/v2\/media\/1164"}],"wp:attachment":[{"href":"http:\/\/diy-ideenreich.de\/index.php?rest_route=%2Fwp%2Fv2%2Fmedia&parent=1163"}],"wp:term":[{"taxonomy":"category","embeddable":true,"href":"http:\/\/diy-ideenreich.de\/index.php?rest_route=%2Fwp%2Fv2%2Fcategories&post=1163"},{"taxonomy":"post_tag","embeddable":true,"href":"http:\/\/diy-ideenreich.de\/index.php?rest_route=%2Fwp%2Fv2%2Ftags&post=1163"}],"curies":[{"name":"wp","href":"https:\/\/api.w.org\/{rel}","templated":true}]}}