{"id":1180,"date":"2021-03-17T11:34:22","date_gmt":"2021-03-17T10:34:22","guid":{"rendered":"http:\/\/www.diy-ideenreich.de\/?p=1180"},"modified":"2021-03-17T11:34:23","modified_gmt":"2021-03-17T10:34:23","slug":"osterkoerbchen-geflochten-aus-karton-und-kreppbaendern","status":"publish","type":"post","link":"http:\/\/diy-ideenreich.de\/?p=1180","title":{"rendered":"Osterk\u00f6rbchen \u2013 geflochten aus Karton und Kreppb\u00e4ndern"},"content":{"rendered":"\n<p>Bald ist ja schon Ostern, wie vergeht die Zeit. Aus restlicher Karnevalsdekoration wollte ich noch etwas Sinnvolles machen. So kam die Idee mit den K\u00f6rbchen. Die erste Idee mit den Luftschlangen klappte nicht so gut (sie rissen immer wieder). Aber mit den Kreppb\u00e4ndern gelang es dann.<\/p>\n\n\n\n<figure class=\"wp-block-image size-large\"><img loading=\"lazy\" decoding=\"async\" width=\"1024\" height=\"796\" src=\"http:\/\/www.diy-ideenreich.de\/wp-content\/uploads\/2021\/03\/IMG_5996-1024x796.jpg\" alt=\"\" class=\"wp-image-1182\" srcset=\"http:\/\/diy-ideenreich.de\/wp-content\/uploads\/2021\/03\/IMG_5996-1024x796.jpg 1024w, http:\/\/diy-ideenreich.de\/wp-content\/uploads\/2021\/03\/IMG_5996-300x233.jpg 300w, http:\/\/diy-ideenreich.de\/wp-content\/uploads\/2021\/03\/IMG_5996-768x597.jpg 768w, http:\/\/diy-ideenreich.de\/wp-content\/uploads\/2021\/03\/IMG_5996-1536x1194.jpg 1536w, http:\/\/diy-ideenreich.de\/wp-content\/uploads\/2021\/03\/IMG_5996.jpg 2048w\" sizes=\"auto, (max-width: 1024px) 100vw, 1024px\" \/><\/figure>\n\n\n\n<p><\/p>\n\n\n\n<p>Material:<\/p>\n\n\n\n<p>Karton<\/p>\n\n\n\n<p>Schere<\/p>\n\n\n\n<p>Kreppband, Luftschlangen oder Wollreste<\/p>\n\n\n\n<p>Klebe<\/p>\n\n\n\n<p><\/p>\n\n\n\n<figure class=\"wp-block-image size-large\"><img loading=\"lazy\" decoding=\"async\" width=\"768\" height=\"1024\" src=\"http:\/\/www.diy-ideenreich.de\/wp-content\/uploads\/2021\/03\/IMG_5337-768x1024.jpg\" alt=\"\" class=\"wp-image-1184\" srcset=\"http:\/\/diy-ideenreich.de\/wp-content\/uploads\/2021\/03\/IMG_5337-768x1024.jpg 768w, http:\/\/diy-ideenreich.de\/wp-content\/uploads\/2021\/03\/IMG_5337-225x300.jpg 225w, http:\/\/diy-ideenreich.de\/wp-content\/uploads\/2021\/03\/IMG_5337-1152x1536.jpg 1152w, http:\/\/diy-ideenreich.de\/wp-content\/uploads\/2021\/03\/IMG_5337.jpg 1536w\" sizes=\"auto, (max-width: 768px) 100vw, 768px\" \/><\/figure>\n\n\n\n<p>Zun\u00e4chst mit einem Teller einen Kreis zeichnen. Entweder zeichnet man einen weiteren Kreis in der Mitte (als Boden) oder man schneidet mit einer Schere immer die gleiche L\u00e4nge ein. Dann knickt man die entstandenen Streifen nach oben.<\/p>\n\n\n\n<p>Nun kann \u201egewoben\/geflochten\u201c werden. Einmal vor und einmal hinter den Pappstreifen das Kreppband legen und immer mal wieder das Kreppband etwas nach unten verdichten.<\/p>\n\n\n\n<p>Zum Abschluss, wenn nur noch wenig Pappe \u00fcbrig ist, die Streifen zur Mitte hin einknicken. Danach wickelt man jeden Streifen separat ein (siehe Bild) und klebt dann die oberste Schicht \u00fcber alle Streifen hinweg f\u00fcr einen sch\u00f6nen Abschluss zusammen.<\/p>\n\n\n\n<p>Wenn Kinder hier mitbasteln, kann gerade der Anfang und das Ende etwas fuckelig werden, hier sollten die Kinder unterst\u00fctzt werden, damit sie nicht sofort frustriert sind.<\/p>\n\n\n\n<figure class=\"wp-block-image size-large\"><img loading=\"lazy\" decoding=\"async\" width=\"1024\" height=\"1024\" src=\"http:\/\/www.diy-ideenreich.de\/wp-content\/uploads\/2021\/03\/780ED3E0-22AF-4299-BC9F-0352F06BC307-1024x1024.jpg\" alt=\"\" class=\"wp-image-1183\" srcset=\"http:\/\/diy-ideenreich.de\/wp-content\/uploads\/2021\/03\/780ED3E0-22AF-4299-BC9F-0352F06BC307-1024x1024.jpg 1024w, http:\/\/diy-ideenreich.de\/wp-content\/uploads\/2021\/03\/780ED3E0-22AF-4299-BC9F-0352F06BC307-300x300.jpg 300w, http:\/\/diy-ideenreich.de\/wp-content\/uploads\/2021\/03\/780ED3E0-22AF-4299-BC9F-0352F06BC307-150x150.jpg 150w, http:\/\/diy-ideenreich.de\/wp-content\/uploads\/2021\/03\/780ED3E0-22AF-4299-BC9F-0352F06BC307-768x768.jpg 768w, http:\/\/diy-ideenreich.de\/wp-content\/uploads\/2021\/03\/780ED3E0-22AF-4299-BC9F-0352F06BC307-1536x1536.jpg 1536w, http:\/\/diy-ideenreich.de\/wp-content\/uploads\/2021\/03\/780ED3E0-22AF-4299-BC9F-0352F06BC307.jpg 2048w\" sizes=\"auto, (max-width: 1024px) 100vw, 1024px\" \/><\/figure>\n","protected":false},"excerpt":{"rendered":"<p>Bald ist ja schon Ostern, wie vergeht die Zeit. Aus restlicher Karnevalsdekoration wollte ich noch etwas Sinnvolles machen. So kam [&hellip;]<\/p>\n","protected":false},"author":1,"featured_media":1181,"comment_status":"open","ping_status":"open","sticky":false,"template":"","format":"standard","meta":{"footnotes":""},"categories":[1,37,28,36,29,15,39],"tags":[342,17,381,380,379,204,377,376,382,378,247,198],"class_list":["post-1180","post","type-post","status-publish","format-standard","has-post-thumbnail","hentry","category-allgemein","category-basteln-mit-kindern","category-fruehjahr-und-fruehling","category-kinder","category-ostern","category-startseiten-beitraege","category-upcyling-recyling","tag-basteln-macht-gluecklich","tag-basteln-mit-kindern","tag-basteln-zu-ostern","tag-easter","tag-easterbasket","tag-handcraftwithkids","tag-osterdeko","tag-osterdekoration","tag-osterideen","tag-osterkoerbchen","tag-recycling-ideas","tag-recyclingideen"],"_links":{"self":[{"href":"http:\/\/diy-ideenreich.de\/index.php?rest_route=\/wp\/v2\/posts\/1180","targetHints":{"allow":["GET"]}}],"collection":[{"href":"http:\/\/diy-ideenreich.de\/index.php?rest_route=\/wp\/v2\/posts"}],"about":[{"href":"http:\/\/diy-ideenreich.de\/index.php?rest_route=\/wp\/v2\/types\/post"}],"author":[{"embeddable":true,"href":"http:\/\/diy-ideenreich.de\/index.php?rest_route=\/wp\/v2\/users\/1"}],"replies":[{"embeddable":true,"href":"http:\/\/diy-ideenreich.de\/index.php?rest_route=%2Fwp%2Fv2%2Fcomments&post=1180"}],"version-history":[{"count":1,"href":"http:\/\/diy-ideenreich.de\/index.php?rest_route=\/wp\/v2\/posts\/1180\/revisions"}],"predecessor-version":[{"id":1185,"href":"http:\/\/diy-ideenreich.de\/index.php?rest_route=\/wp\/v2\/posts\/1180\/revisions\/1185"}],"wp:featuredmedia":[{"embeddable":true,"href":"http:\/\/diy-ideenreich.de\/index.php?rest_route=\/wp\/v2\/media\/1181"}],"wp:attachment":[{"href":"http:\/\/diy-ideenreich.de\/index.php?rest_route=%2Fwp%2Fv2%2Fmedia&parent=1180"}],"wp:term":[{"taxonomy":"category","embeddable":true,"href":"http:\/\/diy-ideenreich.de\/index.php?rest_route=%2Fwp%2Fv2%2Fcategories&post=1180"},{"taxonomy":"post_tag","embeddable":true,"href":"http:\/\/diy-ideenreich.de\/index.php?rest_route=%2Fwp%2Fv2%2Ftags&post=1180"}],"curies":[{"name":"wp","href":"https:\/\/api.w.org\/{rel}","templated":true}]}}