{"id":1637,"date":"2021-06-26T09:52:06","date_gmt":"2021-06-26T07:52:06","guid":{"rendered":"http:\/\/www.diy-ideenreich.de\/?p=1637"},"modified":"2021-06-26T09:56:40","modified_gmt":"2021-06-26T07:56:40","slug":"auf-auf-und-davon-ein-kuchen-fuer-entdecker-geht-auf-reisen","status":"publish","type":"post","link":"http:\/\/diy-ideenreich.de\/?p=1637","title":{"rendered":"Auf auf und davon \u2013 ein Kuchen f\u00fcr Entdecker geht auf Reisen"},"content":{"rendered":"\n<p>(Kuchenglas mit Fahrrad)<\/p>\n\n\n\n<p>Ein guter Freund ist Bodenkundler und f\u00e4hrt gerne mit dem Rad. Es hat sich zur Tradition gemausert, dass wir ihm trotz gro\u00dfer Entfernung immer zum Geburtstag mit Kuchen versorgten. Da es im Coronajahr etwas schwierig wurde, dies pers\u00f6nlich zu tun, kam mir die Idee mit dem Kuchenglas und einem ganz pers\u00f6nlichen Bodenprofil.<\/p>\n\n\n\n<p>Anleitung f\u00fcr einen R\u00fchrteig (sowohl als Muffin oder Kuchen machbar, je nach vorhandener Form):<\/p>\n\n\n\n<p>Trockene Zutaten:<\/p>\n\n\n\n<p>Mehl<\/p>\n\n\n\n<p>Verschiedene Zucker (damit man auch m\u00f6glichst viele Bodenschichten hat \ud83d\ude09 )<\/p>\n\n\n\n<p>Kakao<\/p>\n\n\n\n<p>Backkakao<\/p>\n\n\n\n<p>Schokotropfen oder Streusel, je nach Belieben<\/p>\n\n\n\n<p>Backpulver<\/p>\n\n\n\n<p>Etwas Salz<\/p>\n\n\n\n<p>Die feuchten Zutaten m\u00fcssen von der zu beschenkender Person zus\u00e4tzlich gekauft werden.<\/p>\n\n\n\n<p>Eier<\/p>\n\n\n\n<p>Butter<\/p>\n\n\n\n<p>All die trockenen Zutaten abwiegen und in das Glas abwechselnd schichten, so dass man m\u00f6glichst viele (Boden)schichten sieht.<\/p>\n\n\n\n<figure class=\"wp-block-image size-large is-resized\"><img loading=\"lazy\" decoding=\"async\" src=\"http:\/\/www.diy-ideenreich.de\/wp-content\/uploads\/2021\/06\/Kuchen-im-Glas-1-768x1024.jpg\" alt=\"\" class=\"wp-image-1639\" width=\"392\" height=\"523\" srcset=\"http:\/\/diy-ideenreich.de\/wp-content\/uploads\/2021\/06\/Kuchen-im-Glas-1-768x1024.jpg 768w, http:\/\/diy-ideenreich.de\/wp-content\/uploads\/2021\/06\/Kuchen-im-Glas-1-225x300.jpg 225w, http:\/\/diy-ideenreich.de\/wp-content\/uploads\/2021\/06\/Kuchen-im-Glas-1-1152x1536.jpg 1152w, http:\/\/diy-ideenreich.de\/wp-content\/uploads\/2021\/06\/Kuchen-im-Glas-1.jpg 1536w\" sizes=\"auto, (max-width: 392px) 100vw, 392px\" \/><\/figure>\n\n\n\n<p><\/p>\n\n\n\n<p>Zum Deckel:<\/p>\n\n\n\n<p>Material:<\/p>\n\n\n\n<p>(Bastel-)Draht<\/p>\n\n\n\n<p>Schere oder Zange zum Draht schneiden<\/p>\n\n\n\n<p>ein gro\u00dfes Glas<\/p>\n\n\n\n<p>Spr\u00fchlack<\/p>\n\n\n\n<p>Kleber<\/p>\n\n\n\n<p>Stift als Hilfsmittel<\/p>\n\n\n\n<p>Spr\u00fchlack<\/p>\n\n\n\n<p>Zweiter Deckel (f\u00fcr den Versand)<\/p>\n\n\n\n<p>Dekoband\/ Schleifenband<\/p>\n\n\n\n<p>Serviette oder Krepppapier<\/p>\n\n\n\n<p>Kleiner Karton (f\u00fcr den Versand)<\/p>\n\n\n\n<p>F\u00fcllmaterial<\/p>\n\n\n\n<p>Das Fahrrad:<\/p>\n\n\n\n<p>Hierzu mit dem ersten Rad des Fahrrads beginnen. Damit die R\u00e4der gleich gro\u00df werden, kann man hier einen Stift als Hilfsmittel zum Umwickeln nutzen. <\/p>\n\n\n\n<figure class=\"wp-block-image size-large is-resized\"><img loading=\"lazy\" decoding=\"async\" src=\"http:\/\/www.diy-ideenreich.de\/wp-content\/uploads\/2021\/06\/IMG_5932-1024x598.jpg\" alt=\"\" class=\"wp-image-1640\" width=\"444\" height=\"259\" srcset=\"http:\/\/diy-ideenreich.de\/wp-content\/uploads\/2021\/06\/IMG_5932-1024x598.jpg 1024w, http:\/\/diy-ideenreich.de\/wp-content\/uploads\/2021\/06\/IMG_5932-300x175.jpg 300w, http:\/\/diy-ideenreich.de\/wp-content\/uploads\/2021\/06\/IMG_5932-768x448.jpg 768w, http:\/\/diy-ideenreich.de\/wp-content\/uploads\/2021\/06\/IMG_5932-1536x896.jpg 1536w, http:\/\/diy-ideenreich.de\/wp-content\/uploads\/2021\/06\/IMG_5932.jpg 2048w\" sizes=\"auto, (max-width: 444px) 100vw, 444px\" \/><\/figure>\n\n\n\n<p>Aus einem Drahtfaden dann die R\u00e4der und das Zwischenst\u00fcck formen. <\/p>\n\n\n\n<figure class=\"wp-block-image size-large is-resized\"><img loading=\"lazy\" decoding=\"async\" src=\"http:\/\/www.diy-ideenreich.de\/wp-content\/uploads\/2021\/06\/IMG_5933-1024x816.jpg\" alt=\"\" class=\"wp-image-1641\" width=\"441\" height=\"351\" srcset=\"http:\/\/diy-ideenreich.de\/wp-content\/uploads\/2021\/06\/IMG_5933-1024x816.jpg 1024w, http:\/\/diy-ideenreich.de\/wp-content\/uploads\/2021\/06\/IMG_5933-300x239.jpg 300w, http:\/\/diy-ideenreich.de\/wp-content\/uploads\/2021\/06\/IMG_5933-768x612.jpg 768w, http:\/\/diy-ideenreich.de\/wp-content\/uploads\/2021\/06\/IMG_5933-1536x1223.jpg 1536w, http:\/\/diy-ideenreich.de\/wp-content\/uploads\/2021\/06\/IMG_5933.jpg 2048w\" sizes=\"auto, (max-width: 441px) 100vw, 441px\" \/><\/figure>\n\n\n\n<p><\/p>\n\n\n\n<p>Danach mit einem weiteren St\u00fcck alles umwickeln, um das Fahrrad zu stabilisieren und mit den Speichen in den R\u00e4dern beginnen (siehe Bild). <\/p>\n\n\n\n<p><\/p>\n\n\n\n<figure class=\"wp-block-image size-large is-resized\"><img loading=\"lazy\" decoding=\"async\" src=\"http:\/\/www.diy-ideenreich.de\/wp-content\/uploads\/2021\/06\/IMG_5934-1024x684.jpg\" alt=\"\" class=\"wp-image-1642\" width=\"467\" height=\"311\" srcset=\"http:\/\/diy-ideenreich.de\/wp-content\/uploads\/2021\/06\/IMG_5934-1024x684.jpg 1024w, http:\/\/diy-ideenreich.de\/wp-content\/uploads\/2021\/06\/IMG_5934-300x200.jpg 300w, http:\/\/diy-ideenreich.de\/wp-content\/uploads\/2021\/06\/IMG_5934-768x513.jpg 768w, http:\/\/diy-ideenreich.de\/wp-content\/uploads\/2021\/06\/IMG_5934-1536x1025.jpg 1536w, http:\/\/diy-ideenreich.de\/wp-content\/uploads\/2021\/06\/IMG_5934.jpg 2048w\" sizes=\"auto, (max-width: 467px) 100vw, 467px\" \/><\/figure>\n\n\n\n<p><\/p>\n\n\n\n<figure class=\"wp-block-image size-large is-resized\"><img loading=\"lazy\" decoding=\"async\" src=\"http:\/\/www.diy-ideenreich.de\/wp-content\/uploads\/2021\/06\/Drahtesel-1-1024x796.jpg\" alt=\"\" class=\"wp-image-1645\" width=\"465\" height=\"361\" srcset=\"http:\/\/diy-ideenreich.de\/wp-content\/uploads\/2021\/06\/Drahtesel-1-1024x796.jpg 1024w, http:\/\/diy-ideenreich.de\/wp-content\/uploads\/2021\/06\/Drahtesel-1-300x233.jpg 300w, http:\/\/diy-ideenreich.de\/wp-content\/uploads\/2021\/06\/Drahtesel-1-768x597.jpg 768w, http:\/\/diy-ideenreich.de\/wp-content\/uploads\/2021\/06\/Drahtesel-1-1536x1194.jpg 1536w, http:\/\/diy-ideenreich.de\/wp-content\/uploads\/2021\/06\/Drahtesel-1.jpg 2048w\" sizes=\"auto, (max-width: 465px) 100vw, 465px\" \/><\/figure>\n\n\n\n<p>Als n\u00e4chstes dann den Lenker formen. Hierzu in der Mitte der Speichen des vorderen Rads beginnen. Den Drahtfaden hindurchf\u00e4deln, in der Mitte des Fadens diesen nach oben biegen und dann in sich verzwirbeln. <\/p>\n\n\n\n<figure class=\"wp-block-image size-large is-resized\"><img loading=\"lazy\" decoding=\"async\" src=\"http:\/\/www.diy-ideenreich.de\/wp-content\/uploads\/2021\/06\/IMG_5937-1024x800.jpg\" alt=\"\" class=\"wp-image-1643\" width=\"441\" height=\"344\" srcset=\"http:\/\/diy-ideenreich.de\/wp-content\/uploads\/2021\/06\/IMG_5937-1024x800.jpg 1024w, http:\/\/diy-ideenreich.de\/wp-content\/uploads\/2021\/06\/IMG_5937-300x234.jpg 300w, http:\/\/diy-ideenreich.de\/wp-content\/uploads\/2021\/06\/IMG_5937-768x600.jpg 768w, http:\/\/diy-ideenreich.de\/wp-content\/uploads\/2021\/06\/IMG_5937-1536x1199.jpg 1536w, http:\/\/diy-ideenreich.de\/wp-content\/uploads\/2021\/06\/IMG_5937.jpg 2048w\" sizes=\"auto, (max-width: 441px) 100vw, 441px\" \/><\/figure>\n\n\n\n<p><\/p>\n\n\n\n<p>Im n\u00e4chsten Schritt die beiden Enden zu den beiden Seiten biegen und zu den Lenkergriffen formen. <\/p>\n\n\n\n<figure class=\"wp-block-image size-large is-resized\"><img loading=\"lazy\" decoding=\"async\" src=\"http:\/\/www.diy-ideenreich.de\/wp-content\/uploads\/2021\/06\/IMG_5938-1024x850.jpg\" alt=\"\" class=\"wp-image-1646\" width=\"441\" height=\"366\" srcset=\"http:\/\/diy-ideenreich.de\/wp-content\/uploads\/2021\/06\/IMG_5938-1024x850.jpg 1024w, http:\/\/diy-ideenreich.de\/wp-content\/uploads\/2021\/06\/IMG_5938-300x249.jpg 300w, http:\/\/diy-ideenreich.de\/wp-content\/uploads\/2021\/06\/IMG_5938-768x638.jpg 768w, http:\/\/diy-ideenreich.de\/wp-content\/uploads\/2021\/06\/IMG_5938-1536x1275.jpg 1536w, http:\/\/diy-ideenreich.de\/wp-content\/uploads\/2021\/06\/IMG_5938.jpg 2048w\" sizes=\"auto, (max-width: 441px) 100vw, 441px\" \/><\/figure>\n\n\n\n<p><\/p>\n\n\n\n<p>\u00dcberstehenden Draht, je nach L\u00e4nge, entweder abschneiden oder weiter um das Fahrrad wickeln.<\/p>\n\n\n\n<p>In meinem Fall war der Faden lang genug, so dass (siehe Bild) ich daraus dann noch den Sattel geformt habe. Generell gilt f\u00fcr den Sattel, dass man im hinteren Rad auch wieder in der Mitte der Speichen beginnt und hier den Draht nach oben biegt. <\/p>\n\n\n\n<figure class=\"wp-block-image size-large is-resized\"><img loading=\"lazy\" decoding=\"async\" src=\"http:\/\/www.diy-ideenreich.de\/wp-content\/uploads\/2021\/06\/IMG_5939-1-1024x808.jpg\" alt=\"\" class=\"wp-image-1648\" width=\"417\" height=\"328\" srcset=\"http:\/\/diy-ideenreich.de\/wp-content\/uploads\/2021\/06\/IMG_5939-1-1024x808.jpg 1024w, http:\/\/diy-ideenreich.de\/wp-content\/uploads\/2021\/06\/IMG_5939-1-300x237.jpg 300w, http:\/\/diy-ideenreich.de\/wp-content\/uploads\/2021\/06\/IMG_5939-1-768x606.jpg 768w, http:\/\/diy-ideenreich.de\/wp-content\/uploads\/2021\/06\/IMG_5939-1-1536x1212.jpg 1536w, http:\/\/diy-ideenreich.de\/wp-content\/uploads\/2021\/06\/IMG_5939-1.jpg 2048w\" sizes=\"auto, (max-width: 417px) 100vw, 417px\" \/><\/figure>\n\n\n\n<p><\/p>\n\n\n\n<p>Im Anschluss den Sattel formen. Mit weiteren Drahtf\u00e4den habe ich dann das Grundger\u00fcst des Fahrrads weiter stabilisiert (siehe Bild). Dieser Schritt ist optional, je nachdem wie stabil euer Fahrrad bereits ist.<\/p>\n\n\n\n<figure class=\"wp-block-image size-large is-resized\"><img loading=\"lazy\" decoding=\"async\" src=\"http:\/\/www.diy-ideenreich.de\/wp-content\/uploads\/2021\/06\/IMG_5944-1024x859.jpg\" alt=\"\" class=\"wp-image-1649\" width=\"422\" height=\"353\" srcset=\"http:\/\/diy-ideenreich.de\/wp-content\/uploads\/2021\/06\/IMG_5944-1024x859.jpg 1024w, http:\/\/diy-ideenreich.de\/wp-content\/uploads\/2021\/06\/IMG_5944-300x252.jpg 300w, http:\/\/diy-ideenreich.de\/wp-content\/uploads\/2021\/06\/IMG_5944-768x644.jpg 768w, http:\/\/diy-ideenreich.de\/wp-content\/uploads\/2021\/06\/IMG_5944-1536x1288.jpg 1536w, http:\/\/diy-ideenreich.de\/wp-content\/uploads\/2021\/06\/IMG_5944.jpg 2048w\" sizes=\"auto, (max-width: 422px) 100vw, 422px\" \/><\/figure>\n\n\n\n<p><\/p>\n\n\n\n<p>Ist das Fahrrad fertig, kann dieses mit dem Kleber auf den Deckel des Glases angeklebt werden. Damit es nicht sofort umf\u00e4llt habe ich hier noch einen kleinen Topf (siehe Hintergrund) genutzt, um das Rad w\u00e4hrend des Trocknungsprozesses anzulehnen.<\/p>\n\n\n\n<figure class=\"wp-block-image size-large is-resized\"><img loading=\"lazy\" decoding=\"async\" src=\"http:\/\/www.diy-ideenreich.de\/wp-content\/uploads\/2021\/06\/IMG_6006-1024x695.jpg\" alt=\"\" class=\"wp-image-1650\" width=\"347\" height=\"235\" srcset=\"http:\/\/diy-ideenreich.de\/wp-content\/uploads\/2021\/06\/IMG_6006-1024x695.jpg 1024w, http:\/\/diy-ideenreich.de\/wp-content\/uploads\/2021\/06\/IMG_6006-300x204.jpg 300w, http:\/\/diy-ideenreich.de\/wp-content\/uploads\/2021\/06\/IMG_6006-768x521.jpg 768w, http:\/\/diy-ideenreich.de\/wp-content\/uploads\/2021\/06\/IMG_6006-1536x1043.jpg 1536w, http:\/\/diy-ideenreich.de\/wp-content\/uploads\/2021\/06\/IMG_6006.jpg 2048w\" sizes=\"auto, (max-width: 347px) 100vw, 347px\" \/><\/figure>\n\n\n\n<p><\/p>\n\n\n\n<p>Wenn alles gut getrocknet ist, kann man damit anfangen, den Deckel einzuspr\u00fchen. Mir war es passiert, dass es wohl zu viel Lack oder zu viel Wind war, auf jeden Fall ist mir das Fahrrad leider drau\u00dfen umgekippt. <\/p>\n\n\n\n<p><\/p>\n\n\n\n<figure class=\"wp-block-image size-large is-resized\"><img loading=\"lazy\" decoding=\"async\" src=\"http:\/\/www.diy-ideenreich.de\/wp-content\/uploads\/2021\/06\/diybicycle-1024x771.jpg\" alt=\"\" class=\"wp-image-1651\" width=\"472\" height=\"355\" srcset=\"http:\/\/diy-ideenreich.de\/wp-content\/uploads\/2021\/06\/diybicycle-1024x771.jpg 1024w, http:\/\/diy-ideenreich.de\/wp-content\/uploads\/2021\/06\/diybicycle-300x226.jpg 300w, http:\/\/diy-ideenreich.de\/wp-content\/uploads\/2021\/06\/diybicycle-768x578.jpg 768w, http:\/\/diy-ideenreich.de\/wp-content\/uploads\/2021\/06\/diybicycle-1536x1157.jpg 1536w, http:\/\/diy-ideenreich.de\/wp-content\/uploads\/2021\/06\/diybicycle-360x270.jpg 360w, http:\/\/diy-ideenreich.de\/wp-content\/uploads\/2021\/06\/diybicycle.jpg 2048w\" sizes=\"auto, (max-width: 472px) 100vw, 472px\" \/><\/figure>\n\n\n\n<p>Daher musste ich noch einmal beginnen und alles noch einmal einspr\u00fchen und daher habe ich hier eine Konstruktion (siehe Bild) gebastelt, damit es dieses Mal nicht wieder umkippt. <\/p>\n\n\n\n<p><\/p>\n\n\n\n<figure class=\"wp-block-image size-large is-resized\"><img loading=\"lazy\" decoding=\"async\" src=\"http:\/\/www.diy-ideenreich.de\/wp-content\/uploads\/2021\/06\/IMG_6018-1024x572.jpg\" alt=\"\" class=\"wp-image-1652\" width=\"469\" height=\"262\" srcset=\"http:\/\/diy-ideenreich.de\/wp-content\/uploads\/2021\/06\/IMG_6018-1024x572.jpg 1024w, http:\/\/diy-ideenreich.de\/wp-content\/uploads\/2021\/06\/IMG_6018-300x168.jpg 300w, http:\/\/diy-ideenreich.de\/wp-content\/uploads\/2021\/06\/IMG_6018-768x429.jpg 768w, http:\/\/diy-ideenreich.de\/wp-content\/uploads\/2021\/06\/IMG_6018-1536x858.jpg 1536w, http:\/\/diy-ideenreich.de\/wp-content\/uploads\/2021\/06\/IMG_6018.jpg 2048w\" sizes=\"auto, (max-width: 469px) 100vw, 469px\" \/><\/figure>\n\n\n\n<p>Als der Spr\u00fchlack durchgeh\u00e4rtet war, war das Fahrrad auch fest.<\/p>\n\n\n\n<p>Der Versand:<\/p>\n\n\n\n<p>Damit das Fahrrad nicht gleich abbricht, da es trotz allem nicht so stabil ist, habe ich einen anderen Deckel f\u00fcr das Glas w\u00e4hrend des Versands ausgew\u00e4hlt und den sch\u00f6nen Deko-deckel in einer kleinen Kiste mit F\u00fcllmaterial separat in das Paket gelegt. Den anderen Deckel habe ich mit etwas Krepppapier und Schleife noch schon dekoriert, damit es trotzdem ansprechend aussieht.<\/p>\n","protected":false},"excerpt":{"rendered":"<p>(Kuchenglas mit Fahrrad) Ein guter Freund ist Bodenkundler und f\u00e4hrt gerne mit dem Rad. Es hat sich zur Tradition gemausert, [&hellip;]<\/p>\n","protected":false},"author":1,"featured_media":1653,"comment_status":"open","ping_status":"open","sticky":false,"template":"","format":"standard","meta":{"footnotes":""},"categories":[1,27,32,15,34,39],"tags":[888,884,887,56,886,880,506,492,879,881,890,474,473,472,885,891,309,467,469,466,882,883,468,475,889],"class_list":["post-1637","post","type-post","status-publish","format-standard","has-post-thumbnail","hentry","category-allgemein","category-geschenkideen","category-kulinarisches","category-startseiten-beitraege","category-suesses","category-upcyling-recyling","tag-bicyclette","tag-bodenprofil","tag-cykel","tag-diy","tag-diy-bicycle","tag-diy-gifts","tag-diy-ideas","tag-diy-ideen","tag-diygeschenke","tag-fahrrad","tag-fiets","tag-gava","tag-gave","tag-gaveide","tag-geschenk-fuer-fahrradfahrer","tag-geschenke-fuer-geographen","tag-geschenkideen","tag-gift-ideas","tag-idee-cadeau","tag-ideia-de-presente","tag-kuchen-im-glas","tag-kuchengeschenk","tag-lahjaideo","tag-presentide","tag-sykkel"],"_links":{"self":[{"href":"http:\/\/diy-ideenreich.de\/index.php?rest_route=\/wp\/v2\/posts\/1637","targetHints":{"allow":["GET"]}}],"collection":[{"href":"http:\/\/diy-ideenreich.de\/index.php?rest_route=\/wp\/v2\/posts"}],"about":[{"href":"http:\/\/diy-ideenreich.de\/index.php?rest_route=\/wp\/v2\/types\/post"}],"author":[{"embeddable":true,"href":"http:\/\/diy-ideenreich.de\/index.php?rest_route=\/wp\/v2\/users\/1"}],"replies":[{"embeddable":true,"href":"http:\/\/diy-ideenreich.de\/index.php?rest_route=%2Fwp%2Fv2%2Fcomments&post=1637"}],"version-history":[{"count":1,"href":"http:\/\/diy-ideenreich.de\/index.php?rest_route=\/wp\/v2\/posts\/1637\/revisions"}],"predecessor-version":[{"id":1654,"href":"http:\/\/diy-ideenreich.de\/index.php?rest_route=\/wp\/v2\/posts\/1637\/revisions\/1654"}],"wp:featuredmedia":[{"embeddable":true,"href":"http:\/\/diy-ideenreich.de\/index.php?rest_route=\/wp\/v2\/media\/1653"}],"wp:attachment":[{"href":"http:\/\/diy-ideenreich.de\/index.php?rest_route=%2Fwp%2Fv2%2Fmedia&parent=1637"}],"wp:term":[{"taxonomy":"category","embeddable":true,"href":"http:\/\/diy-ideenreich.de\/index.php?rest_route=%2Fwp%2Fv2%2Fcategories&post=1637"},{"taxonomy":"post_tag","embeddable":true,"href":"http:\/\/diy-ideenreich.de\/index.php?rest_route=%2Fwp%2Fv2%2Ftags&post=1637"}],"curies":[{"name":"wp","href":"https:\/\/api.w.org\/{rel}","templated":true}]}}