{"id":1694,"date":"2021-10-02T11:45:24","date_gmt":"2021-10-02T09:45:24","guid":{"rendered":"http:\/\/www.diy-ideenreich.de\/?p=1694"},"modified":"2022-04-03T11:30:57","modified_gmt":"2022-04-03T09:30:57","slug":"rotwildfamilie-das-praktische-fensterbild","status":"publish","type":"post","link":"http:\/\/diy-ideenreich.de\/?p=1694","title":{"rendered":"Rotwildfamilie \u2013 das praktische Fensterbild"},"content":{"rendered":"\n<p>Diese Idee entwickelte sich, als ich bei einer Freundin am Tisch sa\u00df und wir uns dar\u00fcber unterhielten, dass man so viele sch\u00f6ne Ideen f\u00fcr Fensterbilder hat, aber auch nicht immer so viel Zeit im Alltag, wenn frau wieder berufst\u00e4tig ist.<\/p>\n\n\n\n<p>Sie hatte mit ihren Kindern zwei Rehe aus einem Bastelset gebastelt, die nun an einem der Fenster hingen, das Bild war aber noch nicht fertig. Irgendwie im Gespr\u00e4ch entwickelte sich dann die Idee, f\u00fcr ein Fensterbild, das man aber nur einmal bastelt, es aber f\u00fcr mindestens ZWEI (vielleicht sogar DREI \u2013 w\u00e4hrend des Schreibens entwickelt sich gerade eine dritte Idee) Jahreszeiten h\u00e4ngenbleiben kann!<\/p>\n\n\n\n<p><\/p>\n\n\n\n<figure class=\"wp-block-image size-large is-resized\"><img loading=\"lazy\" decoding=\"async\" src=\"http:\/\/www.diy-ideenreich.de\/wp-content\/uploads\/2021\/10\/praktisches-Fensterbild-1-722x1024.jpg\" alt=\"\" class=\"wp-image-1699\" width=\"379\" height=\"536\"\/><\/figure>\n\n\n\n<p>Die Rehe stehen im Herbstlaub, mitten im Wald. Die Laubb\u00e4ume tragen noch ihr buntes Bl\u00e4tterkleid. Der Herbst ist also schon einmal geschafft! (Wer es ganz interaktiv machen m\u00f6chte, kann ja immer mal wieder Bl\u00e4tter von oben nach unten h\u00e4ngen.)<\/p>\n\n\n\n<p>Material:<\/p>\n\n\n\n<p>Tonkarton<\/p>\n\n\n\n<p>Transparentpapier<\/p>\n\n\n\n<p>Schere<\/p>\n\n\n\n<p>Klebestreifen<\/p>\n\n\n\n<p>Das gew\u00fcnschte Motiv (hier Rehe und Bl\u00e4tter) aufzeichnen und ausschneiden und am Fenster mit Klebestreifen arrangieren. Zun\u00e4chst, da es leichter zum Abfotografieren war, habe ich alles auf Tonkarton angeordnet. Am Fenster selbst wurde es aber noch einmal ganz anders. Ich mag den Effekt der leuchtenden, transparenten Bl\u00e4tter. Gerade beim Ahorn kommt dieser wunderbar heraus.<\/p>\n\n\n\n<p>F\u00fcr den Winter: Die Bl\u00e4tter sind nun alle ab und der Schnee kann kommen. Hier haben wir bereits eine sch\u00f6ne Aktion geplant, wir wollen Schneeflocken ausschneiden. Ich liebe das! Das ist irgendwie meditativ.<\/p>\n\n\n\n<p>Dann muss ich schauen, wie wir den Schnee machen. Ich hatte noch nie Spr\u00fchschnee am Fenster, vielleicht wird es wieder etwas aus Tonkarton? Mal sehen, ich lasse mich inspirieren. Es gibt ja auch solche Kreidestifte, vielleicht w\u00e4re das etwas?!<\/p>\n\n\n\n<p>Nicht wundern, die Vorlage auf dem Karton wurde dann doch etwas anders, als am Fenster, wenn ich einmal dabei bin, schaue ich nat\u00fcrlich, was passt am besten und was ist auch nicht zu viel oder zu wenig und variiere gerne. Hier das fertige Fenster:<\/p>\n\n\n\n<p><\/p>\n\n\n\n<figure class=\"wp-block-image size-large is-resized\"><img loading=\"lazy\" decoding=\"async\" src=\"http:\/\/www.diy-ideenreich.de\/wp-content\/uploads\/2021\/10\/herbstliches-Fensterbild-1-932x1024.jpg\" alt=\"\" class=\"wp-image-1700\" width=\"395\" height=\"434\" srcset=\"http:\/\/diy-ideenreich.de\/wp-content\/uploads\/2021\/10\/herbstliches-Fensterbild-1-932x1024.jpg 932w, http:\/\/diy-ideenreich.de\/wp-content\/uploads\/2021\/10\/herbstliches-Fensterbild-1-273x300.jpg 273w, http:\/\/diy-ideenreich.de\/wp-content\/uploads\/2021\/10\/herbstliches-Fensterbild-1-768x844.jpg 768w, http:\/\/diy-ideenreich.de\/wp-content\/uploads\/2021\/10\/herbstliches-Fensterbild-1-1397x1536.jpg 1397w, http:\/\/diy-ideenreich.de\/wp-content\/uploads\/2021\/10\/herbstliches-Fensterbild-1.jpg 1863w\" sizes=\"auto, (max-width: 395px) 100vw, 395px\" \/><\/figure>\n\n\n\n<p><\/p>\n\n\n\n<p><\/p>\n\n\n\n<p><\/p>\n","protected":false},"excerpt":{"rendered":"<p>Diese Idee entwickelte sich, als ich bei einer Freundin am Tisch sa\u00df und wir uns dar\u00fcber unterhielten, dass man so [&hellip;]<\/p>\n","protected":false},"author":1,"featured_media":1698,"comment_status":"open","ping_status":"open","sticky":false,"template":"","format":"standard","meta":{"footnotes":""},"categories":[1,38,37,1280,21,36,15],"tags":[906,342,336,930,931,933,929,56,506,548,484,69,16,66,909,925,662,310,927,932,924,928,934,926],"class_list":["post-1694","post","type-post","status-publish","format-standard","has-post-thumbnail","hentry","category-allgemein","category-basteln-fuer-kinder","category-basteln-mit-kindern","category-fensterbilder","category-herbst","category-kinder","category-startseiten-beitraege","tag-autumn","tag-basteln-macht-gluecklich","tag-bastelnleichtgemacht","tag-cerf","tag-cervo","tag-ciervo","tag-deer","tag-diy","tag-diy-ideas","tag-diy-papercraft","tag-fall","tag-fensterbilder","tag-herbst","tag-herbstfensterbild","tag-herfst","tag-hirschfensterbild","tag-knutseln","tag-papercraftwithlove","tag-praktisches-fensterbild","tag-radjur","tag-rehe-basteln","tag-saisonales-fensterbild","tag-schnelles-fensterbild","tag-wald-fensterbild"],"_links":{"self":[{"href":"http:\/\/diy-ideenreich.de\/index.php?rest_route=\/wp\/v2\/posts\/1694","targetHints":{"allow":["GET"]}}],"collection":[{"href":"http:\/\/diy-ideenreich.de\/index.php?rest_route=\/wp\/v2\/posts"}],"about":[{"href":"http:\/\/diy-ideenreich.de\/index.php?rest_route=\/wp\/v2\/types\/post"}],"author":[{"embeddable":true,"href":"http:\/\/diy-ideenreich.de\/index.php?rest_route=\/wp\/v2\/users\/1"}],"replies":[{"embeddable":true,"href":"http:\/\/diy-ideenreich.de\/index.php?rest_route=%2Fwp%2Fv2%2Fcomments&post=1694"}],"version-history":[{"count":1,"href":"http:\/\/diy-ideenreich.de\/index.php?rest_route=\/wp\/v2\/posts\/1694\/revisions"}],"predecessor-version":[{"id":1701,"href":"http:\/\/diy-ideenreich.de\/index.php?rest_route=\/wp\/v2\/posts\/1694\/revisions\/1701"}],"wp:featuredmedia":[{"embeddable":true,"href":"http:\/\/diy-ideenreich.de\/index.php?rest_route=\/wp\/v2\/media\/1698"}],"wp:attachment":[{"href":"http:\/\/diy-ideenreich.de\/index.php?rest_route=%2Fwp%2Fv2%2Fmedia&parent=1694"}],"wp:term":[{"taxonomy":"category","embeddable":true,"href":"http:\/\/diy-ideenreich.de\/index.php?rest_route=%2Fwp%2Fv2%2Fcategories&post=1694"},{"taxonomy":"post_tag","embeddable":true,"href":"http:\/\/diy-ideenreich.de\/index.php?rest_route=%2Fwp%2Fv2%2Ftags&post=1694"}],"curies":[{"name":"wp","href":"https:\/\/api.w.org\/{rel}","templated":true}]}}