{"id":1766,"date":"2021-10-30T12:11:59","date_gmt":"2021-10-30T10:11:59","guid":{"rendered":"http:\/\/www.diy-ideenreich.de\/?p=1766"},"modified":"2021-10-31T13:36:03","modified_gmt":"2021-10-31T12:36:03","slug":"gartenjahr-2021-ein-schneckenjahr-und-andere-schaedlinge-und-was-dagegen-helfen-kann","status":"publish","type":"post","link":"http:\/\/diy-ideenreich.de\/?p=1766","title":{"rendered":"Gartenjahr 2021 \u2013 ein Schneckenjahr und andere Sch\u00e4dlinge und was dagegen helfen kann"},"content":{"rendered":"\n<p>Dieses Jahr wuchs zwar viel, aber nicht immer das, was frau im Garten wollte. Und wenn doch etwas Essbares das Licht der Welt erblickte, wurde es brutal und sofort abgefressen. Schnecken, dieses Jahr waren sie \u00fcberall! Aber auch andere Sch\u00e4dlinge machten sich dieses Jahr breit. Schon bei der Beetplanung hatte ich mir diesbez\u00fcglich Gedanken gemacht. Manches funktionierte, anderes kam gar nicht erst soweit (weil die Helferpflanze gar nicht erst die Chance hatte, selbst zu wachsen) und in anderen F\u00e4llen klappte es. Wer nicht so viel Zeit hat zum Lesen, unten ist eine Tabelle mit den Methoden, die funktioniert haben in unserem Garten und was ich noch erproben m\u00f6chte.<\/p>\n\n\n\n<figure class=\"wp-block-image size-large\"><img loading=\"lazy\" decoding=\"async\" width=\"1024\" height=\"591\" src=\"http:\/\/www.diy-ideenreich.de\/wp-content\/uploads\/2021\/10\/IMG_6569-1024x591.jpg\" alt=\"\" class=\"wp-image-1769\" srcset=\"http:\/\/diy-ideenreich.de\/wp-content\/uploads\/2021\/10\/IMG_6569-1024x591.jpg 1024w, http:\/\/diy-ideenreich.de\/wp-content\/uploads\/2021\/10\/IMG_6569-300x173.jpg 300w, http:\/\/diy-ideenreich.de\/wp-content\/uploads\/2021\/10\/IMG_6569-768x443.jpg 768w, http:\/\/diy-ideenreich.de\/wp-content\/uploads\/2021\/10\/IMG_6569-1536x886.jpg 1536w, http:\/\/diy-ideenreich.de\/wp-content\/uploads\/2021\/10\/IMG_6569.jpg 2048w\" sizes=\"auto, (max-width: 1024px) 100vw, 1024px\" \/><figcaption>Vorgezogene Gurken (oben), Tomaten oder auch meine Paprika (unten), mein ganzer Stolz und doch sind alle entweder verfroren, bekamen Sonnenbrand oder wurden von Schnecken gefressen. Dies war nicht mein Anzuchtjahr. <\/figcaption><\/figure>\n\n\n\n<figure class=\"wp-block-image size-large\"><img loading=\"lazy\" decoding=\"async\" width=\"1024\" height=\"738\" src=\"http:\/\/www.diy-ideenreich.de\/wp-content\/uploads\/2021\/10\/IMG_6532-1024x738.jpg\" alt=\"\" class=\"wp-image-1768\" srcset=\"http:\/\/diy-ideenreich.de\/wp-content\/uploads\/2021\/10\/IMG_6532-1024x738.jpg 1024w, http:\/\/diy-ideenreich.de\/wp-content\/uploads\/2021\/10\/IMG_6532-300x216.jpg 300w, http:\/\/diy-ideenreich.de\/wp-content\/uploads\/2021\/10\/IMG_6532-768x553.jpg 768w, http:\/\/diy-ideenreich.de\/wp-content\/uploads\/2021\/10\/IMG_6532-1536x1106.jpg 1536w, http:\/\/diy-ideenreich.de\/wp-content\/uploads\/2021\/10\/IMG_6532.jpg 2048w\" sizes=\"auto, (max-width: 1024px) 100vw, 1024px\" \/><\/figure>\n\n\n\n<p><\/p>\n\n\n\n<p>Die Zeit im Garten begann eher verz\u00f6gert (Mal abgesehen von den Vorbereitungen). Lange Fr\u00f6ste sorgten daf\u00fcr, dass sowohl die Direktaussaat wie auch das Auspflanzen von vorgez\u00fcchteten Pflanzen, lange auf sich warten lie\u00df. Quasi im Schneckentempo begann also das Jahr.<\/p>\n\n\n\n<figure class=\"wp-block-image size-large is-resized\"><img loading=\"lazy\" decoding=\"async\" src=\"http:\/\/www.diy-ideenreich.de\/wp-content\/uploads\/2021\/10\/IMG_7098-1024x768.jpg\" alt=\"\" class=\"wp-image-1770\" width=\"444\" height=\"333\" srcset=\"http:\/\/diy-ideenreich.de\/wp-content\/uploads\/2021\/10\/IMG_7098-1024x768.jpg 1024w, http:\/\/diy-ideenreich.de\/wp-content\/uploads\/2021\/10\/IMG_7098-300x225.jpg 300w, http:\/\/diy-ideenreich.de\/wp-content\/uploads\/2021\/10\/IMG_7098-768x576.jpg 768w, http:\/\/diy-ideenreich.de\/wp-content\/uploads\/2021\/10\/IMG_7098-1536x1152.jpg 1536w, http:\/\/diy-ideenreich.de\/wp-content\/uploads\/2021\/10\/IMG_7098-360x270.jpg 360w, http:\/\/diy-ideenreich.de\/wp-content\/uploads\/2021\/10\/IMG_7098.jpg 2048w\" sizes=\"auto, (max-width: 444px) 100vw, 444px\" \/><\/figure>\n\n\n\n<figure class=\"wp-block-image size-large is-resized\"><img loading=\"lazy\" decoding=\"async\" src=\"http:\/\/www.diy-ideenreich.de\/wp-content\/uploads\/2021\/10\/IMG_7401-1024x768.jpg\" alt=\"\" class=\"wp-image-1771\" width=\"447\" height=\"335\" srcset=\"http:\/\/diy-ideenreich.de\/wp-content\/uploads\/2021\/10\/IMG_7401-1024x768.jpg 1024w, http:\/\/diy-ideenreich.de\/wp-content\/uploads\/2021\/10\/IMG_7401-300x225.jpg 300w, http:\/\/diy-ideenreich.de\/wp-content\/uploads\/2021\/10\/IMG_7401-768x576.jpg 768w, http:\/\/diy-ideenreich.de\/wp-content\/uploads\/2021\/10\/IMG_7401-1536x1152.jpg 1536w, http:\/\/diy-ideenreich.de\/wp-content\/uploads\/2021\/10\/IMG_7401-360x270.jpg 360w, http:\/\/diy-ideenreich.de\/wp-content\/uploads\/2021\/10\/IMG_7401.jpg 2048w\" sizes=\"auto, (max-width: 447px) 100vw, 447px\" \/><\/figure>\n\n\n\n<p><\/p>\n\n\n\n<p>Immerhin auf die Erd-, Blau-, Him- und Johannisbeeren ist dieses Jahr Verlass, nicht zu vergessen meine geliebten Stachelbeeren. Im Vergleich zu vergangenem Jahr war dies ein deutlich ertragreicheres Beeren- und Obstjahr. Denn auch unsere Obstb\u00e4ume haben zum ersten Mal getragen.<\/p>\n\n\n\n<p>Unsere Tomaten dagegen schw\u00e4chelten leider, bis sie dann g\u00e4nzlich eingingen als der Regen einsetzte. Diese waren letztes Jahr top, dieses Jahr d\u00fcmpelten die Pfl\u00e4nzchen vor sich hin. Die Kombination aus Bohnen und Tomaten funktionierte immer dann, wenn keine Schnecke die Bohnenpflanzen abfra\u00df, doch leider reichte es nicht aus, der Regen von oben ins Hochbeet war dieses Jahr nicht gut.<\/p>\n\n\n\n<p>Ob es an unserer neuen Bepflanzung lag oder\/und an den gef\u00e4llten W\u00e4ldern ringsum, wir haben dieses Jahr auch erfreuliche Gartenbewohner. Die V\u00f6gel nisten und h\u00fcpfen vermehrt durch unseren Garten. S\u00fc\u00df war es zu sehen und zu h\u00f6ren, wenn die Eltern emsig zum Nest unter dem Dach flogen und die Kleinen dann lautstark ihre Schn\u00e4bel aufrissen.<\/p>\n\n\n\n<p><\/p>\n\n\n\n<figure class=\"wp-block-image size-large is-resized\"><img loading=\"lazy\" decoding=\"async\" src=\"http:\/\/www.diy-ideenreich.de\/wp-content\/uploads\/2021\/10\/IMG_7471-1024x768.jpg\" alt=\"\" class=\"wp-image-1772\" width=\"408\" height=\"306\" srcset=\"http:\/\/diy-ideenreich.de\/wp-content\/uploads\/2021\/10\/IMG_7471-1024x768.jpg 1024w, http:\/\/diy-ideenreich.de\/wp-content\/uploads\/2021\/10\/IMG_7471-300x225.jpg 300w, http:\/\/diy-ideenreich.de\/wp-content\/uploads\/2021\/10\/IMG_7471-768x576.jpg 768w, http:\/\/diy-ideenreich.de\/wp-content\/uploads\/2021\/10\/IMG_7471-1536x1152.jpg 1536w, http:\/\/diy-ideenreich.de\/wp-content\/uploads\/2021\/10\/IMG_7471-360x270.jpg 360w, http:\/\/diy-ideenreich.de\/wp-content\/uploads\/2021\/10\/IMG_7471.jpg 2048w\" sizes=\"auto, (max-width: 408px) 100vw, 408px\" \/><\/figure>\n\n\n\n<figure class=\"wp-block-image size-large is-resized\"><img loading=\"lazy\" decoding=\"async\" src=\"http:\/\/www.diy-ideenreich.de\/wp-content\/uploads\/2021\/10\/IMG_7592-768x1024.jpg\" alt=\"\" class=\"wp-image-1773\" width=\"402\" height=\"536\" srcset=\"http:\/\/diy-ideenreich.de\/wp-content\/uploads\/2021\/10\/IMG_7592-768x1024.jpg 768w, http:\/\/diy-ideenreich.de\/wp-content\/uploads\/2021\/10\/IMG_7592-225x300.jpg 225w, http:\/\/diy-ideenreich.de\/wp-content\/uploads\/2021\/10\/IMG_7592-1152x1536.jpg 1152w, http:\/\/diy-ideenreich.de\/wp-content\/uploads\/2021\/10\/IMG_7592.jpg 1536w\" sizes=\"auto, (max-width: 402px) 100vw, 402px\" \/><\/figure>\n\n\n\n<p><\/p>\n\n\n\n<p>Unsere Wildblumen kamen erst langsam und fielen deutlich geringer aus, oder sollte ich sagen, noch weniger als vergangenes Jahr? W\u00e4hrend ich letztes Jahr schon weniger Blumen verzeichnete, sieht es nun noch magerer aus (trotz unterschiedlicher Standorte \u2013 also nicht immer auf demselben Beet). <\/p>\n\n\n\n<figure class=\"wp-block-image size-large is-resized\"><img loading=\"lazy\" decoding=\"async\" src=\"http:\/\/www.diy-ideenreich.de\/wp-content\/uploads\/2021\/10\/IMG_7894_jpg-1024x901.jpg\" alt=\"\" class=\"wp-image-1775\" width=\"442\" height=\"389\" srcset=\"http:\/\/diy-ideenreich.de\/wp-content\/uploads\/2021\/10\/IMG_7894_jpg-1024x901.jpg 1024w, http:\/\/diy-ideenreich.de\/wp-content\/uploads\/2021\/10\/IMG_7894_jpg-300x264.jpg 300w, http:\/\/diy-ideenreich.de\/wp-content\/uploads\/2021\/10\/IMG_7894_jpg-768x676.jpg 768w, http:\/\/diy-ideenreich.de\/wp-content\/uploads\/2021\/10\/IMG_7894_jpg-1536x1352.jpg 1536w, http:\/\/diy-ideenreich.de\/wp-content\/uploads\/2021\/10\/IMG_7894_jpg.jpg 2048w\" sizes=\"auto, (max-width: 442px) 100vw, 442px\" \/><\/figure>\n\n\n\n<p>Schmetterlinge \u00fcberall, als endlich der Lavendel bl\u00fchte.<\/p>\n\n\n\n<figure class=\"wp-block-image size-large is-resized\"><img loading=\"lazy\" decoding=\"async\" src=\"http:\/\/www.diy-ideenreich.de\/wp-content\/uploads\/2021\/10\/IMG_7921_jpg-802x1024.jpg\" alt=\"\" class=\"wp-image-1776\" width=\"442\" height=\"564\" srcset=\"http:\/\/diy-ideenreich.de\/wp-content\/uploads\/2021\/10\/IMG_7921_jpg-802x1024.jpg 802w, http:\/\/diy-ideenreich.de\/wp-content\/uploads\/2021\/10\/IMG_7921_jpg-235x300.jpg 235w, http:\/\/diy-ideenreich.de\/wp-content\/uploads\/2021\/10\/IMG_7921_jpg-768x981.jpg 768w, http:\/\/diy-ideenreich.de\/wp-content\/uploads\/2021\/10\/IMG_7921_jpg-1202x1536.jpg 1202w, http:\/\/diy-ideenreich.de\/wp-content\/uploads\/2021\/10\/IMG_7921_jpg.jpg 1603w\" sizes=\"auto, (max-width: 442px) 100vw, 442px\" \/><\/figure>\n\n\n\n<p>Dementsprechend weniger Schmetterlinge sah ich zun\u00e4chst, bis dann der Lavendel bl\u00fchte! Im Sommer 2020 hatten wir ungew\u00f6hnlich viele Bienen und Schmetterlinge und auch die Jahre zuvor summte es dank der ganzen Blumen wunderbar bei uns im Garten. Zun\u00e4chst sah es so aus, als w\u00e4re dies in diesem Jahr nicht so. <\/p>\n\n\n\n<figure class=\"wp-block-image size-large is-resized\"><img loading=\"lazy\" decoding=\"async\" src=\"http:\/\/www.diy-ideenreich.de\/wp-content\/uploads\/2021\/10\/IMG_7594-1024x768.jpg\" alt=\"\" class=\"wp-image-1777\" width=\"487\" height=\"365\" srcset=\"http:\/\/diy-ideenreich.de\/wp-content\/uploads\/2021\/10\/IMG_7594-1024x768.jpg 1024w, http:\/\/diy-ideenreich.de\/wp-content\/uploads\/2021\/10\/IMG_7594-300x225.jpg 300w, http:\/\/diy-ideenreich.de\/wp-content\/uploads\/2021\/10\/IMG_7594-768x576.jpg 768w, http:\/\/diy-ideenreich.de\/wp-content\/uploads\/2021\/10\/IMG_7594-1536x1152.jpg 1536w, http:\/\/diy-ideenreich.de\/wp-content\/uploads\/2021\/10\/IMG_7594-360x270.jpg 360w, http:\/\/diy-ideenreich.de\/wp-content\/uploads\/2021\/10\/IMG_7594.jpg 2048w\" sizes=\"auto, (max-width: 487px) 100vw, 487px\" \/><\/figure>\n\n\n\n<p><\/p>\n\n\n\n<figure class=\"wp-block-image size-large is-resized\"><img loading=\"lazy\" decoding=\"async\" src=\"http:\/\/www.diy-ideenreich.de\/wp-content\/uploads\/2021\/10\/IMG_7603-1024x768.jpg\" alt=\"\" class=\"wp-image-1778\" width=\"485\" height=\"363\" srcset=\"http:\/\/diy-ideenreich.de\/wp-content\/uploads\/2021\/10\/IMG_7603-1024x768.jpg 1024w, http:\/\/diy-ideenreich.de\/wp-content\/uploads\/2021\/10\/IMG_7603-300x225.jpg 300w, http:\/\/diy-ideenreich.de\/wp-content\/uploads\/2021\/10\/IMG_7603-768x576.jpg 768w, http:\/\/diy-ideenreich.de\/wp-content\/uploads\/2021\/10\/IMG_7603-1536x1152.jpg 1536w, http:\/\/diy-ideenreich.de\/wp-content\/uploads\/2021\/10\/IMG_7603-360x270.jpg 360w, http:\/\/diy-ideenreich.de\/wp-content\/uploads\/2021\/10\/IMG_7603.jpg 2048w\" sizes=\"auto, (max-width: 485px) 100vw, 485px\" \/><\/figure>\n\n\n\n<p>Dann kamen aber doch noch im Sp\u00e4tsommer einige Blumen durch und vor allem der Gr\u00fcnd\u00fcnger Phacelia tr\u00e4gt seinen Titel als Bienenfreund zurecht und soll den Boden auch noch ertragreicher machen, aber das werden wir n\u00e4chstes Jahr erleben.&nbsp; &nbsp;<\/p>\n\n\n\n<p><\/p>\n\n\n\n<figure class=\"wp-block-image size-large is-resized\"><img loading=\"lazy\" decoding=\"async\" src=\"http:\/\/www.diy-ideenreich.de\/wp-content\/uploads\/2021\/10\/IMG_7398-875x1024.jpg\" alt=\"\" class=\"wp-image-1779\" width=\"521\" height=\"609\" srcset=\"http:\/\/diy-ideenreich.de\/wp-content\/uploads\/2021\/10\/IMG_7398-875x1024.jpg 875w, http:\/\/diy-ideenreich.de\/wp-content\/uploads\/2021\/10\/IMG_7398-256x300.jpg 256w, http:\/\/diy-ideenreich.de\/wp-content\/uploads\/2021\/10\/IMG_7398-768x899.jpg 768w, http:\/\/diy-ideenreich.de\/wp-content\/uploads\/2021\/10\/IMG_7398-1312x1536.jpg 1312w, http:\/\/diy-ideenreich.de\/wp-content\/uploads\/2021\/10\/IMG_7398.jpg 1749w\" sizes=\"auto, (max-width: 521px) 100vw, 521px\" \/><figcaption>Hier sieht man unsere Kartoffeln, die dieses Jahr das einzig Essbare in unserem Beet waren (hinten sieht man die Mohnblumen und die Phacelia, f\u00fcr Schmetterlinge und Bienen ein Traum und nat\u00fcrlich auch f\u00fcr uns Menschen). <\/figcaption><\/figure>\n\n\n\n<p>Auch in diesem Jahr &#8211; oder sollte ich sagen verst\u00e4rkt in diesem Jahr? &#8211; suchen wir noch nach unsern Methoden Sch\u00e4dlinge biologisch abzuhalten und gleichzeitig die Pflanzen durch gute Beetpartner zu unterst\u00fctzen. Hierzu haben wir zum Beispiel Mischbeete angelegt, was tats\u00e4chlich gut funktioniert hat. Auch das Anlocken von guten Insekten, durch z.B. bienenfreundliche Gr\u00fcnd\u00fcngerpflanzen hat dieses Jahr gut funktioniert. Unsere Kartoffeln waren das Einzige, die dieses Jahr gewachsen sind. Hier hat der Tipp gegen den Kohlwei\u00dfling mit Ringelblumen im Beet uns gute Dienste erwiesen. Vom Boretsch leider keine Spur, aber unser Klee (Gr\u00fcnmulch) und verschiedenen Blumen gediehen gut. Auch unsere Zauberwald ging gut an, zun\u00e4chst hatte ich Bedenken, da der Frost noch einige der B\u00fcsche erwischt hatte, aber sie sind wieder angegangen.<\/p>\n\n\n\n<p>Meine Beetumrandung aus Kr\u00e4utern hat leider noch nicht so geklappt, wie gew\u00fcnscht und wird definitiv ein Projekt f\u00fcr n\u00e4chstes Jahr, denn der Garten ist bereits winterfest gemacht.<\/p>\n\n\n\n<figure class=\"wp-block-image size-large is-resized\"><img loading=\"lazy\" decoding=\"async\" src=\"http:\/\/www.diy-ideenreich.de\/wp-content\/uploads\/2021\/10\/IMG_7319-672x1024.jpg\" alt=\"\" class=\"wp-image-1781\" width=\"325\" height=\"495\" srcset=\"http:\/\/diy-ideenreich.de\/wp-content\/uploads\/2021\/10\/IMG_7319-672x1024.jpg 672w, http:\/\/diy-ideenreich.de\/wp-content\/uploads\/2021\/10\/IMG_7319-197x300.jpg 197w, http:\/\/diy-ideenreich.de\/wp-content\/uploads\/2021\/10\/IMG_7319-768x1170.jpg 768w, http:\/\/diy-ideenreich.de\/wp-content\/uploads\/2021\/10\/IMG_7319-1008x1536.jpg 1008w, http:\/\/diy-ideenreich.de\/wp-content\/uploads\/2021\/10\/IMG_7319.jpg 1344w\" sizes=\"auto, (max-width: 325px) 100vw, 325px\" \/><figcaption>Selbst in oder an B\u00e4umen oder Bl\u00fcten hingen sie! Schnecken, dieses Jahr waren sie \u00fcberall!<\/figcaption><\/figure>\n\n\n\n<figure class=\"wp-block-image size-large is-resized\"><img loading=\"lazy\" decoding=\"async\" src=\"http:\/\/www.diy-ideenreich.de\/wp-content\/uploads\/2021\/10\/IMG_7396-2-1024x891.jpg\" alt=\"\" class=\"wp-image-1782\" width=\"425\" height=\"370\" srcset=\"http:\/\/diy-ideenreich.de\/wp-content\/uploads\/2021\/10\/IMG_7396-2-1024x891.jpg 1024w, http:\/\/diy-ideenreich.de\/wp-content\/uploads\/2021\/10\/IMG_7396-2-300x261.jpg 300w, http:\/\/diy-ideenreich.de\/wp-content\/uploads\/2021\/10\/IMG_7396-2-768x668.jpg 768w, http:\/\/diy-ideenreich.de\/wp-content\/uploads\/2021\/10\/IMG_7396-2-1536x1337.jpg 1536w, http:\/\/diy-ideenreich.de\/wp-content\/uploads\/2021\/10\/IMG_7396-2.jpg 2048w\" sizes=\"auto, (max-width: 425px) 100vw, 425px\" \/><\/figure>\n\n\n\n<p><\/p>\n\n\n\n<p>Am Ende waren die Schnecken dieses Jahr \u00fcberm\u00e4chtig und einfach in ihrer Anzahl zu viele. Da half auch kein Absammeln mehr. Wir sind kurz davor uns Laufenten anzuschaffen \u2013 laut Freunden ein sehr effektives Mittel gegen Schnecken und H\u00fchner, die im Winter den Schneckenbruch im Beet fressen, wenn man sie darauf l\u00e4sst. Unsere gesamten vorgezogenen Gurken-, K\u00fcrbis-, Bohnenpflanzen sowie s\u00e4mtliche Paprika sind den Schnecken zum Opfer gefallen. Zum ersten Mal in meinem Leben habe ich Schnecken an B\u00e4umen gesehen! Auch direkt an Blumenbl\u00fcten klebten sie. Dieses Jahr hatten wir nur Gl\u00fcck mit unseren Beerenb\u00fcschen. Aber selbst hier fra\u00dfen die Schnecken zum Teil sogar die Bl\u00e4tter mancher B\u00fcsche komplett ab. Es sind einfach zu viele.<\/p>\n\n\n\n<p><\/p>\n\n\n\n<figure class=\"wp-block-image size-large is-resized\"><img loading=\"lazy\" decoding=\"async\" src=\"http:\/\/www.diy-ideenreich.de\/wp-content\/uploads\/2021\/10\/IMG_8313-768x1024.jpg\" alt=\"\" class=\"wp-image-1783\" width=\"422\" height=\"562\" srcset=\"http:\/\/diy-ideenreich.de\/wp-content\/uploads\/2021\/10\/IMG_8313-768x1024.jpg 768w, http:\/\/diy-ideenreich.de\/wp-content\/uploads\/2021\/10\/IMG_8313-225x300.jpg 225w, http:\/\/diy-ideenreich.de\/wp-content\/uploads\/2021\/10\/IMG_8313-1152x1536.jpg 1152w, http:\/\/diy-ideenreich.de\/wp-content\/uploads\/2021\/10\/IMG_8313.jpg 1536w\" sizes=\"auto, (max-width: 422px) 100vw, 422px\" \/><\/figure>\n\n\n\n<p>Bei unseren Erdbeeren half tats\u00e4chlich dann doch ein Tipp, den ich noch von meinem Deutschlehrer in Erinnerung habe (der auch ein Hobbyg\u00e4rtner war und Schnecken seine erkl\u00e4rten Erzfeinde waren.): Tannen- bzw. Kiefernzapfen.<\/p>\n\n\n\n<p>Denn nichts ist frustrierender, als wenn du die wundersch\u00f6ne, rote Erdbeere essen m\u00f6chtest, pfl\u00fcckst sie, drehst sie um und da liegt in der leeren H\u00fclle eine glitschige, vollgefressene Nacktschnecke. Igitt. Daher habe ich einfach mal ausgetestet und unter bestimmten Pflanzen die Zapfen gelegt, die ich noch vom herbstlichen Sammeln und Basteln \u00fcbrighatte und es hat tats\u00e4chlich funktioniert.<\/p>\n\n\n\n<p>Auch Ameisen gab es dieses Jahr gen\u00fcgend. Als wir sie dann leider auch in der K\u00fcche hatten, war Schluss mit lustig. Hier halfen einige Hausmittel: Also Lavendel\u00f6l m\u00f6gen sie nicht. Essig hilft zwar auch, aber der Geruch verfliegt zu schnell. Zucker und alles S\u00fc\u00dfe lockt sie an. Selbst im Puderzucker in der Backschublade fand ich sie und sie fanden einen s\u00fc\u00dfen Tod (da sie ganz offensichtlich nicht mehr herausgekommen sind). Das kann man sich auch zu Nutze machen und mit Zucker und Backpulver eine Schale pr\u00e4parieren. Das ist zwar nicht so nett, aber in unserer Verzweiflung haben wir auch zu dem Mittel gegriffen.<\/p>\n\n\n\n<p>Also noch einmal in kurz, was hilft gegen was:<\/p>\n\n\n\n<figure class=\"wp-block-table\"><table><tbody><tr><td>Sch\u00e4dling<\/td><td>Erprobte Mittel<\/td><td>Das m\u00f6chte ich noch ausprobieren<\/td><\/tr><tr><td>Ameisen<\/td><td>Lavendel\u00f6l mit Essig in Wasser als Spr\u00fchmittel, bricht die Laufwege ab und verhindert, dass Neue nachkommen.Backpulver mit Zucker in eine Schale<\/td><td>&nbsp;<\/td><\/tr><tr><td>Kohlwei\u00dfling<\/td><td>Ringelblumen und andere Blumen zum Verwirren des Geruchssinnes<\/td><td>&nbsp;<\/td><\/tr><tr><td>Schnecken<\/td><td>Kiefernzapfen unter den Fr\u00fcchten\/ BeerenAbsammelnLaufenten und H\u00fchner<\/td><td>Thymian als Beetumrandung<\/td><\/tr><tr><td>Kr\u00e4nkelnde Tomaten<\/td><td>Ich schw\u00f6re ja auf Brennesselsud, dieser hilft oft, au\u00dfer es regnet so wie dieses Jahr und dann noch die Schnecken\u2026 Dazu ist er auch ein guter D\u00fcnger<\/td><td>&nbsp;<\/td><\/tr><tr><td>Probleme bei Zuccini Wei\u00dflicher Mehltau<\/td><td>Milchsud. Einen Teil Milch einen Teil Wasser in eine Spr\u00fchflasche f\u00fcllen und die gesamte Pflanze einspr\u00fchen.&nbsp; Es gibt aber auch eine giftige Pilzerkrankung, falls der Milchsud nicht hilft, dann kann es diese Variante sein. In dem Fall muss man die gesamte Pflanze entsorgen und dies noch nicht einmal auf dem Kompost, sonst ist dieser komplett unbrauchbar. Bisher sind wir davon verschont worden und die Milch half.<\/td><td>&nbsp;<\/td><\/tr><\/tbody><\/table><\/figure>\n","protected":false},"excerpt":{"rendered":"<p>Dieses Jahr wuchs zwar viel, aber nicht immer das, was frau im Garten wollte. Und wenn doch etwas Essbares das [&hellip;]<\/p>\n","protected":false},"author":1,"featured_media":1767,"comment_status":"open","ping_status":"open","sticky":false,"template":"","format":"standard","meta":{"footnotes":""},"categories":[1,25,15],"tags":[984,983,993,56,986,578,506,492,863,998,435,84,857,737,580,424,795,985,445,746,994,996,995,440,444,992,990,987,991,430,989,988,997],"class_list":["post-1766","post","type-post","status-publish","format-standard","has-post-thumbnail","hentry","category-allgemein","category-gartenglueck-oder-wie-man-es-nimmt","category-startseiten-beitraege","tag-anzucht","tag-beetpartner","tag-bienenfreundlicher-garten","tag-diy","tag-diy-gardening","tag-diy-garten","tag-diy-ideas","tag-diy-ideen","tag-erdbeeren","tag-flowers","tag-gardening","tag-garten","tag-gartenfreunde","tag-gartengeschichten","tag-gartengestaltung","tag-gartenglueck","tag-gartenideen","tag-gartenjahr","tag-gaertnern-fuer-anfaenger","tag-gaertnern-mit-kindern","tag-gruenduenger","tag-kartoffeln","tag-lavendel","tag-natuerlich-gaertnern","tag-natuerlicher-gartenduenger","tag-phacelia","tag-schaedlinge","tag-schnecken","tag-snails","tag-tomaten","tag-was-hilft-bei-ameisen","tag-was-hilft-gegen-schnecken","tag-wildblumen"],"_links":{"self":[{"href":"http:\/\/diy-ideenreich.de\/index.php?rest_route=\/wp\/v2\/posts\/1766","targetHints":{"allow":["GET"]}}],"collection":[{"href":"http:\/\/diy-ideenreich.de\/index.php?rest_route=\/wp\/v2\/posts"}],"about":[{"href":"http:\/\/diy-ideenreich.de\/index.php?rest_route=\/wp\/v2\/types\/post"}],"author":[{"embeddable":true,"href":"http:\/\/diy-ideenreich.de\/index.php?rest_route=\/wp\/v2\/users\/1"}],"replies":[{"embeddable":true,"href":"http:\/\/diy-ideenreich.de\/index.php?rest_route=%2Fwp%2Fv2%2Fcomments&post=1766"}],"version-history":[{"count":2,"href":"http:\/\/diy-ideenreich.de\/index.php?rest_route=\/wp\/v2\/posts\/1766\/revisions"}],"predecessor-version":[{"id":1786,"href":"http:\/\/diy-ideenreich.de\/index.php?rest_route=\/wp\/v2\/posts\/1766\/revisions\/1786"}],"wp:featuredmedia":[{"embeddable":true,"href":"http:\/\/diy-ideenreich.de\/index.php?rest_route=\/wp\/v2\/media\/1767"}],"wp:attachment":[{"href":"http:\/\/diy-ideenreich.de\/index.php?rest_route=%2Fwp%2Fv2%2Fmedia&parent=1766"}],"wp:term":[{"taxonomy":"category","embeddable":true,"href":"http:\/\/diy-ideenreich.de\/index.php?rest_route=%2Fwp%2Fv2%2Fcategories&post=1766"},{"taxonomy":"post_tag","embeddable":true,"href":"http:\/\/diy-ideenreich.de\/index.php?rest_route=%2Fwp%2Fv2%2Ftags&post=1766"}],"curies":[{"name":"wp","href":"https:\/\/api.w.org\/{rel}","templated":true}]}}