{"id":1849,"date":"2021-11-28T16:40:08","date_gmt":"2021-11-28T15:40:08","guid":{"rendered":"http:\/\/www.diy-ideenreich.de\/?p=1849"},"modified":"2021-11-28T16:40:10","modified_gmt":"2021-11-28T15:40:10","slug":"weihnachtswichtel-der-etwas-andere-weihnachtsstrumpf","status":"publish","type":"post","link":"http:\/\/diy-ideenreich.de\/?p=1849","title":{"rendered":"Weihnachtswichtel \u2013 der etwas andere Weihnachtsstrumpf"},"content":{"rendered":"\n<p>Vielleicht geh\u00f6re ich zu den wenigen Menschen, die tats\u00e4chlich noch ihre Socken stopfen. Eigentlich ist man oft in unserer Wegwerfgesellschaft versucht, sich lieber schnell Dinge neu zu kaufen. Ich mag es allerdings nicht, wenn etwas eigentlich noch intakt ist, es einfach so in den M\u00fcll zu tun. Trotzdem ist irgendwann dennoch der noch so oft geflickte Socken an einem Scheidepunkt angekommen und die N\u00e4herin fragt sich: Sein oder nicht sein lassen, bzw. noch mal n\u00e4hen oder ist nun das Ende doch erreicht.<\/p>\n\n\n\n<p>An diesem Punkt entschied ich mich schlichtweg daf\u00fcr, dem Socken ein neues Leben einzuhauchen, hatten wir doch gerade zu Hause passend die Vor-vor-Weihnachtszeit eingel\u00e4utet und schon die ersten Wichtelgeschichten vorgelesen. In dieser hyggeligen Zeit, bei Kerzenschein und leckerem Tee, darf ein b\u00e4rtiger, kleiner Wichtel doch einfach nicht fehlen!<\/p>\n\n\n\n<figure class=\"wp-block-image size-large is-resized\"><img loading=\"lazy\" decoding=\"async\" src=\"http:\/\/www.diy-ideenreich.de\/wp-content\/uploads\/2021\/11\/Tomte-768x1024.jpg\" alt=\"\" class=\"wp-image-1850\" width=\"371\" height=\"495\" srcset=\"http:\/\/diy-ideenreich.de\/wp-content\/uploads\/2021\/11\/Tomte-768x1024.jpg 768w, http:\/\/diy-ideenreich.de\/wp-content\/uploads\/2021\/11\/Tomte-225x300.jpg 225w, http:\/\/diy-ideenreich.de\/wp-content\/uploads\/2021\/11\/Tomte-1152x1536.jpg 1152w, http:\/\/diy-ideenreich.de\/wp-content\/uploads\/2021\/11\/Tomte.jpg 1536w\" sizes=\"auto, (max-width: 371px) 100vw, 371px\" \/><\/figure>\n\n\n\n<p><\/p>\n\n\n\n<p>Und das braucht ihr, wenn ihr eure Socken neu beleben wollt:<\/p>\n\n\n\n<p>Nat\u00fcrlich Socken: f\u00fcr einen Wichtel mindestens ein Paar<\/p>\n\n\n\n<p>Stoffreste als F\u00fcllung oder F\u00fcllwatte<\/p>\n\n\n\n<p>Nadel (eine Wollnadel f\u00fcr sp\u00e4ter und eine N\u00e4hnadel)<\/p>\n\n\n\n<p>Garn<\/p>\n\n\n\n<p>Wolle f\u00fcr die Haare<\/p>\n\n\n\n<p>Perle<\/p>\n\n\n\n<p>Hei\u00dfklebepistole (au\u00dfer ihr k\u00f6nnt die Perle ann\u00e4hen)<\/p>\n\n\n\n<p>Und so geht es: <\/p>\n\n\n\n<p>Der erste Socken stellt den K\u00f6rper dar. Diesen stopft man mit Stoffresten oder anderem F\u00fcllmaterial voll. <\/p>\n\n\n\n<figure class=\"wp-block-image size-large is-resized\"><img loading=\"lazy\" decoding=\"async\" src=\"http:\/\/www.diy-ideenreich.de\/wp-content\/uploads\/2021\/11\/IMG_1462-1024x813.jpg\" alt=\"\" class=\"wp-image-1856\" width=\"380\" height=\"301\" srcset=\"http:\/\/diy-ideenreich.de\/wp-content\/uploads\/2021\/11\/IMG_1462-1024x813.jpg 1024w, http:\/\/diy-ideenreich.de\/wp-content\/uploads\/2021\/11\/IMG_1462-300x238.jpg 300w, http:\/\/diy-ideenreich.de\/wp-content\/uploads\/2021\/11\/IMG_1462-768x609.jpg 768w, http:\/\/diy-ideenreich.de\/wp-content\/uploads\/2021\/11\/IMG_1462-1536x1219.jpg 1536w, http:\/\/diy-ideenreich.de\/wp-content\/uploads\/2021\/11\/IMG_1462.jpg 2048w\" sizes=\"auto, (max-width: 380px) 100vw, 380px\" \/><\/figure>\n\n\n\n<p><\/p>\n\n\n\n<figure class=\"wp-block-image size-large is-resized\"><img loading=\"lazy\" decoding=\"async\" src=\"http:\/\/www.diy-ideenreich.de\/wp-content\/uploads\/2021\/11\/IMG_8581-1024x768.jpg\" alt=\"\" class=\"wp-image-1863\" width=\"366\" height=\"274\" srcset=\"http:\/\/diy-ideenreich.de\/wp-content\/uploads\/2021\/11\/IMG_8581-1024x768.jpg 1024w, http:\/\/diy-ideenreich.de\/wp-content\/uploads\/2021\/11\/IMG_8581-300x225.jpg 300w, http:\/\/diy-ideenreich.de\/wp-content\/uploads\/2021\/11\/IMG_8581-768x576.jpg 768w, http:\/\/diy-ideenreich.de\/wp-content\/uploads\/2021\/11\/IMG_8581-1536x1152.jpg 1536w, http:\/\/diy-ideenreich.de\/wp-content\/uploads\/2021\/11\/IMG_8581-360x270.jpg 360w, http:\/\/diy-ideenreich.de\/wp-content\/uploads\/2021\/11\/IMG_8581.jpg 2048w\" sizes=\"auto, (max-width: 366px) 100vw, 366px\" \/><\/figure>\n\n\n\n<p>Den oberen Teil und den unteren Teil des Sockens kann man hierbei auch etwas einschlagen und vern\u00e4hen, so dass der Socken selbst schon zu einem Teil das eigentliche F\u00fcllmaterial wird. Ist der Korpus fertig, widmet man sich der M\u00fctze.<\/p>\n\n\n\n<figure class=\"wp-block-image size-large is-resized\"><img loading=\"lazy\" decoding=\"async\" src=\"http:\/\/www.diy-ideenreich.de\/wp-content\/uploads\/2021\/11\/IMG_1461-2-1024x837.jpg\" alt=\"\" class=\"wp-image-1869\" width=\"402\" height=\"328\" srcset=\"http:\/\/diy-ideenreich.de\/wp-content\/uploads\/2021\/11\/IMG_1461-2-1024x837.jpg 1024w, http:\/\/diy-ideenreich.de\/wp-content\/uploads\/2021\/11\/IMG_1461-2-300x245.jpg 300w, http:\/\/diy-ideenreich.de\/wp-content\/uploads\/2021\/11\/IMG_1461-2-768x627.jpg 768w, http:\/\/diy-ideenreich.de\/wp-content\/uploads\/2021\/11\/IMG_1461-2-1536x1255.jpg 1536w, http:\/\/diy-ideenreich.de\/wp-content\/uploads\/2021\/11\/IMG_1461-2.jpg 2048w\" sizes=\"auto, (max-width: 402px) 100vw, 402px\" \/><\/figure>\n\n\n\n<p><\/p>\n\n\n\n<figure class=\"wp-block-image size-large is-resized\"><img loading=\"lazy\" decoding=\"async\" src=\"http:\/\/www.diy-ideenreich.de\/wp-content\/uploads\/2021\/11\/IMG_1464-1-1024x768.jpg\" alt=\"\" class=\"wp-image-1857\" width=\"406\" height=\"304\" srcset=\"http:\/\/diy-ideenreich.de\/wp-content\/uploads\/2021\/11\/IMG_1464-1-1024x768.jpg 1024w, http:\/\/diy-ideenreich.de\/wp-content\/uploads\/2021\/11\/IMG_1464-1-300x225.jpg 300w, http:\/\/diy-ideenreich.de\/wp-content\/uploads\/2021\/11\/IMG_1464-1-768x576.jpg 768w, http:\/\/diy-ideenreich.de\/wp-content\/uploads\/2021\/11\/IMG_1464-1-1536x1152.jpg 1536w, http:\/\/diy-ideenreich.de\/wp-content\/uploads\/2021\/11\/IMG_1464-1-360x270.jpg 360w, http:\/\/diy-ideenreich.de\/wp-content\/uploads\/2021\/11\/IMG_1464-1.jpg 2048w\" sizes=\"auto, (max-width: 406px) 100vw, 406px\" \/><\/figure>\n\n\n\n<p><\/p>\n\n\n\n<p>F\u00fcr die M\u00fctze schneidet man die Ferse und einen Teil des Fu\u00dfspanns des Sockens ab und legt die Reste zur Seite. <\/p>\n\n\n\n<figure class=\"wp-block-image size-large is-resized\"><img loading=\"lazy\" decoding=\"async\" src=\"http:\/\/www.diy-ideenreich.de\/wp-content\/uploads\/2021\/11\/IMG_1465-2-1024x768.jpg\" alt=\"\" class=\"wp-image-1859\" width=\"410\" height=\"307\" srcset=\"http:\/\/diy-ideenreich.de\/wp-content\/uploads\/2021\/11\/IMG_1465-2-1024x768.jpg 1024w, http:\/\/diy-ideenreich.de\/wp-content\/uploads\/2021\/11\/IMG_1465-2-300x225.jpg 300w, http:\/\/diy-ideenreich.de\/wp-content\/uploads\/2021\/11\/IMG_1465-2-768x576.jpg 768w, http:\/\/diy-ideenreich.de\/wp-content\/uploads\/2021\/11\/IMG_1465-2-1536x1152.jpg 1536w, http:\/\/diy-ideenreich.de\/wp-content\/uploads\/2021\/11\/IMG_1465-2-360x270.jpg 360w, http:\/\/diy-ideenreich.de\/wp-content\/uploads\/2021\/11\/IMG_1465-2.jpg 2048w\" sizes=\"auto, (max-width: 410px) 100vw, 410px\" \/><\/figure>\n\n\n\n<p><\/p>\n\n\n\n<p>Danach dreht man den Socken auf links, damit man mit dem N\u00e4hen beginnen kann. Mit Nadel und Faden n\u00e4ht man die nun offenen Seiten der Zipfelm\u00fctze zusammen. <\/p>\n\n\n\n<figure class=\"wp-block-image size-large is-resized\"><img loading=\"lazy\" decoding=\"async\" src=\"http:\/\/www.diy-ideenreich.de\/wp-content\/uploads\/2021\/11\/IMG_8578-1-1024x768.jpg\" alt=\"\" class=\"wp-image-1870\" width=\"412\" height=\"309\" srcset=\"http:\/\/diy-ideenreich.de\/wp-content\/uploads\/2021\/11\/IMG_8578-1-1024x768.jpg 1024w, http:\/\/diy-ideenreich.de\/wp-content\/uploads\/2021\/11\/IMG_8578-1-300x225.jpg 300w, http:\/\/diy-ideenreich.de\/wp-content\/uploads\/2021\/11\/IMG_8578-1-768x576.jpg 768w, http:\/\/diy-ideenreich.de\/wp-content\/uploads\/2021\/11\/IMG_8578-1-1536x1152.jpg 1536w, http:\/\/diy-ideenreich.de\/wp-content\/uploads\/2021\/11\/IMG_8578-1-360x270.jpg 360w, http:\/\/diy-ideenreich.de\/wp-content\/uploads\/2021\/11\/IMG_8578-1.jpg 2048w\" sizes=\"auto, (max-width: 412px) 100vw, 412px\" \/><\/figure>\n\n\n\n<p><\/p>\n\n\n\n<figure class=\"wp-block-image size-large is-resized\"><img loading=\"lazy\" decoding=\"async\" src=\"http:\/\/www.diy-ideenreich.de\/wp-content\/uploads\/2021\/11\/diy-wichtel-1016x1024.jpg\" alt=\"\" class=\"wp-image-1860\" width=\"417\" height=\"419\" srcset=\"http:\/\/diy-ideenreich.de\/wp-content\/uploads\/2021\/11\/diy-wichtel-1016x1024.jpg 1016w, http:\/\/diy-ideenreich.de\/wp-content\/uploads\/2021\/11\/diy-wichtel-298x300.jpg 298w, http:\/\/diy-ideenreich.de\/wp-content\/uploads\/2021\/11\/diy-wichtel-150x150.jpg 150w, http:\/\/diy-ideenreich.de\/wp-content\/uploads\/2021\/11\/diy-wichtel-768x774.jpg 768w, http:\/\/diy-ideenreich.de\/wp-content\/uploads\/2021\/11\/diy-wichtel.jpg 2031w\" sizes=\"auto, (max-width: 417px) 100vw, 417px\" \/><\/figure>\n\n\n\n<p>Ist dies abgeschlossen, dreht man die M\u00fctze wieder auf rechts und stopft diese mit allerlei Resten oder F\u00fcllwolle voll, dann kann man sie probeweise auf den Socken-K\u00f6rper ziehen, damit man wei\u00df, wo die Nase und Haare hinsollen bzw. ob man die M\u00fctze selbst noch etwas voller stopfen muss.<\/p>\n\n\n\n<figure class=\"wp-block-image size-large is-resized\"><img loading=\"lazy\" decoding=\"async\" src=\"http:\/\/www.diy-ideenreich.de\/wp-content\/uploads\/2021\/11\/IMG_1467-1024x768.jpg\" alt=\"\" class=\"wp-image-1861\" width=\"425\" height=\"318\" srcset=\"http:\/\/diy-ideenreich.de\/wp-content\/uploads\/2021\/11\/IMG_1467-1024x768.jpg 1024w, http:\/\/diy-ideenreich.de\/wp-content\/uploads\/2021\/11\/IMG_1467-300x225.jpg 300w, http:\/\/diy-ideenreich.de\/wp-content\/uploads\/2021\/11\/IMG_1467-768x576.jpg 768w, http:\/\/diy-ideenreich.de\/wp-content\/uploads\/2021\/11\/IMG_1467-1536x1152.jpg 1536w, http:\/\/diy-ideenreich.de\/wp-content\/uploads\/2021\/11\/IMG_1467-360x270.jpg 360w, http:\/\/diy-ideenreich.de\/wp-content\/uploads\/2021\/11\/IMG_1467.jpg 2048w\" sizes=\"auto, (max-width: 425px) 100vw, 425px\" \/><\/figure>\n\n\n\n<p><\/p>\n\n\n\n<p>Die Haare: Hierf\u00fcr nimmt man Wolle nach Wahl und sticht dort, wo man den Haaransatz an der Stirn des Wichtels haben m\u00f6chte, die Nadel ein, zieht den Faden durch und schneidet ihn dann ab. <\/p>\n\n\n\n<figure class=\"wp-block-image size-large is-resized\"><img loading=\"lazy\" decoding=\"async\" src=\"http:\/\/www.diy-ideenreich.de\/wp-content\/uploads\/2021\/11\/IMG_8586-768x1024.jpg\" alt=\"\" class=\"wp-image-1864\" width=\"392\" height=\"523\" srcset=\"http:\/\/diy-ideenreich.de\/wp-content\/uploads\/2021\/11\/IMG_8586-768x1024.jpg 768w, http:\/\/diy-ideenreich.de\/wp-content\/uploads\/2021\/11\/IMG_8586-225x300.jpg 225w, http:\/\/diy-ideenreich.de\/wp-content\/uploads\/2021\/11\/IMG_8586-1152x1536.jpg 1152w, http:\/\/diy-ideenreich.de\/wp-content\/uploads\/2021\/11\/IMG_8586.jpg 1536w\" sizes=\"auto, (max-width: 392px) 100vw, 392px\" \/><\/figure>\n\n\n\n<p><\/p>\n\n\n\n<p>Dies wiederholt man einige Male. Das Gleiche macht man f\u00fcr den Bart. <\/p>\n\n\n\n<p><\/p>\n\n\n\n<figure class=\"wp-block-image size-large is-resized\"><img loading=\"lazy\" decoding=\"async\" src=\"http:\/\/www.diy-ideenreich.de\/wp-content\/uploads\/2021\/11\/IMG_8588-1024x768.jpg\" alt=\"\" class=\"wp-image-1866\" width=\"416\" height=\"312\" srcset=\"http:\/\/diy-ideenreich.de\/wp-content\/uploads\/2021\/11\/IMG_8588-1024x768.jpg 1024w, http:\/\/diy-ideenreich.de\/wp-content\/uploads\/2021\/11\/IMG_8588-300x225.jpg 300w, http:\/\/diy-ideenreich.de\/wp-content\/uploads\/2021\/11\/IMG_8588-768x576.jpg 768w, http:\/\/diy-ideenreich.de\/wp-content\/uploads\/2021\/11\/IMG_8588-1536x1152.jpg 1536w, http:\/\/diy-ideenreich.de\/wp-content\/uploads\/2021\/11\/IMG_8588-360x270.jpg 360w, http:\/\/diy-ideenreich.de\/wp-content\/uploads\/2021\/11\/IMG_8588.jpg 2048w\" sizes=\"auto, (max-width: 416px) 100vw, 416px\" \/><\/figure>\n\n\n\n<p>Da ich mit der Wollnadel Probleme hatte durch den Sockenstoff zu kommen, ging ich irgendwann dazu \u00fcber einen l\u00e4ngeren Faden zu nehmen. An diesen knotet man unterschiedlich lange F\u00e4den. Diesen l\u00e4ngeren Faden (mit den kleinen F\u00e4den dran) wickelt man um den Wichtel und dann verknotet man ihn. \u00a0<\/p>\n\n\n\n<p><\/p>\n\n\n\n<figure class=\"wp-block-image size-large is-resized\"><img loading=\"lazy\" decoding=\"async\" src=\"http:\/\/www.diy-ideenreich.de\/wp-content\/uploads\/2021\/11\/IMG_8648-1024x650.jpg\" alt=\"\" class=\"wp-image-1862\" width=\"433\" height=\"274\" srcset=\"http:\/\/diy-ideenreich.de\/wp-content\/uploads\/2021\/11\/IMG_8648-1024x650.jpg 1024w, http:\/\/diy-ideenreich.de\/wp-content\/uploads\/2021\/11\/IMG_8648-300x190.jpg 300w, http:\/\/diy-ideenreich.de\/wp-content\/uploads\/2021\/11\/IMG_8648-768x487.jpg 768w, http:\/\/diy-ideenreich.de\/wp-content\/uploads\/2021\/11\/IMG_8648-1536x974.jpg 1536w, http:\/\/diy-ideenreich.de\/wp-content\/uploads\/2021\/11\/IMG_8648.jpg 2048w\" sizes=\"auto, (max-width: 433px) 100vw, 433px\" \/><\/figure>\n\n\n\n<p>Die Nase wollte ich urspr\u00fcnglich ann\u00e4hen, als ich aber die Perlen genauer ansah, hatten diese nur ein Loch. Ich hatte sie wohl mal als K\u00f6pfe zum Basteln gekauft. <\/p>\n\n\n\n<p><\/p>\n\n\n\n<figure class=\"wp-block-image size-large is-resized\"><img loading=\"lazy\" decoding=\"async\" src=\"http:\/\/www.diy-ideenreich.de\/wp-content\/uploads\/2021\/11\/IMG_8590-2-502x1024.jpg\" alt=\"\" class=\"wp-image-1865\" width=\"392\" height=\"799\" srcset=\"http:\/\/diy-ideenreich.de\/wp-content\/uploads\/2021\/11\/IMG_8590-2-502x1024.jpg 502w, http:\/\/diy-ideenreich.de\/wp-content\/uploads\/2021\/11\/IMG_8590-2-147x300.jpg 147w, http:\/\/diy-ideenreich.de\/wp-content\/uploads\/2021\/11\/IMG_8590-2-768x1567.jpg 768w, http:\/\/diy-ideenreich.de\/wp-content\/uploads\/2021\/11\/IMG_8590-2-753x1536.jpg 753w, http:\/\/diy-ideenreich.de\/wp-content\/uploads\/2021\/11\/IMG_8590-2.jpg 1004w\" sizes=\"auto, (max-width: 392px) 100vw, 392px\" \/><\/figure>\n\n\n\n<p>Daher kam bei mir dann die Hei\u00dfklebepistole zum Einsatz. Ist alles fest und getrocknet, kann man die M\u00fctze wieder aufsetzen und richten. Fertig ist der Weihnachtswichtel!<\/p>\n\n\n\n<figure class=\"wp-block-image size-large is-resized\"><img loading=\"lazy\" decoding=\"async\" src=\"http:\/\/www.diy-ideenreich.de\/wp-content\/uploads\/2021\/11\/Weihnachtswichtel-676x1024.jpg\" alt=\"\" class=\"wp-image-1852\" width=\"381\" height=\"576\" srcset=\"http:\/\/diy-ideenreich.de\/wp-content\/uploads\/2021\/11\/Weihnachtswichtel-676x1024.jpg 676w, http:\/\/diy-ideenreich.de\/wp-content\/uploads\/2021\/11\/Weihnachtswichtel-198x300.jpg 198w, http:\/\/diy-ideenreich.de\/wp-content\/uploads\/2021\/11\/Weihnachtswichtel-768x1163.jpg 768w, http:\/\/diy-ideenreich.de\/wp-content\/uploads\/2021\/11\/Weihnachtswichtel-1014x1536.jpg 1014w, http:\/\/diy-ideenreich.de\/wp-content\/uploads\/2021\/11\/Weihnachtswichtel.jpg 1352w\" sizes=\"auto, (max-width: 381px) 100vw, 381px\" \/><\/figure>\n\n\n\n<p><\/p>\n","protected":false},"excerpt":{"rendered":"<p>Vielleicht geh\u00f6re ich zu den wenigen Menschen, die tats\u00e4chlich noch ihre Socken stopfen. Eigentlich ist man oft in unserer Wegwerfgesellschaft [&hellip;]<\/p>\n","protected":false},"author":1,"featured_media":1851,"comment_status":"open","ping_status":"open","sticky":false,"template":"","format":"standard","meta":{"footnotes":""},"categories":[1,38,27,36,15,82,39,22],"tags":[342,336,626,56,628,633,487,488,506,492,1040,702,214,207,620,213,212,209,936,1041,210,211,145,109,125,122,1042,200,735],"class_list":["post-1849","post","type-post","status-publish","format-standard","has-post-thumbnail","hentry","category-allgemein","category-basteln-fuer-kinder","category-geschenkideen","category-kinder","category-startseiten-beitraege","category-stoff-und-wollideen","category-upcyling-recyling","category-weihnachten","tag-basteln-macht-gluecklich","tag-bastelnleichtgemacht","tag-christmasdecoration","tag-diy","tag-diy-christmas-ideas","tag-diy-christmasdecoration","tag-diy-deco","tag-diy-deko","tag-diy-ideas","tag-diy-ideen","tag-diychristmas","tag-diyideenreich","tag-drysill","tag-gnome","tag-jolakort","tag-jolasveinar","tag-kabouter","tag-noun","tag-scarecrow","tag-socken-recycling","tag-tomte","tag-tomtenisse","tag-weihnachten-mit-der-familie","tag-weihnachtsdekoration","tag-weihnachtskugeln-selber-machen","tag-weihnachtsschmuck","tag-weihnachtssocken","tag-wichtel","tag-wurzelzwerg"],"_links":{"self":[{"href":"http:\/\/diy-ideenreich.de\/index.php?rest_route=\/wp\/v2\/posts\/1849","targetHints":{"allow":["GET"]}}],"collection":[{"href":"http:\/\/diy-ideenreich.de\/index.php?rest_route=\/wp\/v2\/posts"}],"about":[{"href":"http:\/\/diy-ideenreich.de\/index.php?rest_route=\/wp\/v2\/types\/post"}],"author":[{"embeddable":true,"href":"http:\/\/diy-ideenreich.de\/index.php?rest_route=\/wp\/v2\/users\/1"}],"replies":[{"embeddable":true,"href":"http:\/\/diy-ideenreich.de\/index.php?rest_route=%2Fwp%2Fv2%2Fcomments&post=1849"}],"version-history":[{"count":1,"href":"http:\/\/diy-ideenreich.de\/index.php?rest_route=\/wp\/v2\/posts\/1849\/revisions"}],"predecessor-version":[{"id":1871,"href":"http:\/\/diy-ideenreich.de\/index.php?rest_route=\/wp\/v2\/posts\/1849\/revisions\/1871"}],"wp:featuredmedia":[{"embeddable":true,"href":"http:\/\/diy-ideenreich.de\/index.php?rest_route=\/wp\/v2\/media\/1851"}],"wp:attachment":[{"href":"http:\/\/diy-ideenreich.de\/index.php?rest_route=%2Fwp%2Fv2%2Fmedia&parent=1849"}],"wp:term":[{"taxonomy":"category","embeddable":true,"href":"http:\/\/diy-ideenreich.de\/index.php?rest_route=%2Fwp%2Fv2%2Fcategories&post=1849"},{"taxonomy":"post_tag","embeddable":true,"href":"http:\/\/diy-ideenreich.de\/index.php?rest_route=%2Fwp%2Fv2%2Ftags&post=1849"}],"curies":[{"name":"wp","href":"https:\/\/api.w.org\/{rel}","templated":true}]}}