{"id":2198,"date":"2022-07-10T11:01:40","date_gmt":"2022-07-10T09:01:40","guid":{"rendered":"http:\/\/www.diy-ideenreich.de\/?p=2198"},"modified":"2025-05-31T07:59:39","modified_gmt":"2025-05-31T07:59:39","slug":"erdbeertorte-mit-fee","status":"publish","type":"post","link":"http:\/\/diy-ideenreich.de\/?p=2198","title":{"rendered":"Erdbeertorte mit Fee"},"content":{"rendered":"\n<p>Und Omas Biskuit<\/p>\n\n\n\n<figure class=\"wp-block-image size-large is-resized\"><img loading=\"lazy\" decoding=\"async\" src=\"http:\/\/www.diy-ideenreich.de\/wp-content\/uploads\/2022\/07\/Erdbeertorte-1-1024x660.jpg\" alt=\"\" class=\"wp-image-2220\" width=\"508\" height=\"327\" srcset=\"http:\/\/diy-ideenreich.de\/wp-content\/uploads\/2022\/07\/Erdbeertorte-1-1024x660.jpg 1024w, http:\/\/diy-ideenreich.de\/wp-content\/uploads\/2022\/07\/Erdbeertorte-1-300x193.jpg 300w, http:\/\/diy-ideenreich.de\/wp-content\/uploads\/2022\/07\/Erdbeertorte-1-768x495.jpg 768w, http:\/\/diy-ideenreich.de\/wp-content\/uploads\/2022\/07\/Erdbeertorte-1-1536x989.jpg 1536w, http:\/\/diy-ideenreich.de\/wp-content\/uploads\/2022\/07\/Erdbeertorte-1.jpg 2048w\" sizes=\"auto, (max-width: 508px) 100vw, 508px\" \/><\/figure>\n\n\n\n<p>Mama zum Kind: \u201eWas w\u00fcnscht du dir als Geburtstagstorte?\u201c \u201eIch w\u00fcnsche mir eine Erdbeertorte!\u201c \u201eUnd wie soll ich sie verzieren? Wie soll sie aussehen?\u201c \u201eNat\u00fcrlich wie eine Erdbeere!\u201c <em>(Mama, wie kannst du blo\u00df so eine Frage stellen!)<\/em><\/p>\n\n\n\n<p>Also macht Mama eine Erdbeertorte.<\/p>\n\n\n\n<p>Da nur eine Erdbeere zwar sch\u00f6n, aber f\u00fcr mich noch nicht genug war und ich meine Tochter \u00fcberraschen wollte, gab es dann noch eine Erdbeerfee dazu. Man kann die Erdbeere auch aus runden Kuchen zuschneiden, am leichtesten hat man die Form aber mit einer Herzchenform.<\/p>\n\n\n\n<p>Zur Zeitplanung: Den Boden und den Biskuit am besten einen Tag vorher zubereiten, als die Creme. Die Ganach kann auch einen Tag vorher gemacht werden oder am selben Tag, ABER sie muss eine Abk\u00fchlzeit haben. Auch die Sahnecreme braucht mindestens 2 Stunden im K\u00fchlschrank. Ich habe also 2 Tage vor dem Geburtstag angefangen, da ich den Kuchen nicht am Geburtstag selbst fertig stellen wollte, sondern ihn schon morgens fertig haben wollte).<\/p>\n\n\n\n<p>Zun\u00e4chst die B\u00f6den<\/p>\n\n\n\n<p>Der unterste Boden:<\/p>\n\n\n\n<p>(Hier habe ich leider die Menge der Milch versehentlich erh\u00f6ht und dann wurde aus dem M\u00fcrbeteig eher ein R\u00fchrteig, den ich dann zwar wieder mit Mehl ausgeglichen habe, trotzdem ist der Teig hier in den Bildern dicker und anders als geplant. F\u00fcr den Boden mache ich normalerweise das folgende Rezept):<\/p>\n\n\n\n<p>100g Butter<\/p>\n\n\n\n<p>100g Zucker<\/p>\n\n\n\n<p>150 g Mehl<\/p>\n\n\n\n<p>1 Vanillin Zucker<\/p>\n\n\n\n<p>2 Eier<\/p>\n\n\n\n<p>2 EL Milch (oder Sahne oder Dosenmilch)<\/p>\n\n\n\n<p>1 gestr. TL Backpulver<\/p>\n\n\n\n<p>Alle Zutaten miteinander vermengen. Die Masse in eine eingefettete und mit Mehl ausgekleidete Springform. Den Boden bei 175 Grad Ober-\/Unterhitze 25-30 min backen (St\u00e4bchenprobe). <\/p>\n\n\n\n<figure class=\"wp-block-image size-large is-resized\"><img loading=\"lazy\" decoding=\"async\" src=\"http:\/\/www.diy-ideenreich.de\/wp-content\/uploads\/2022\/07\/IMG_0942-2-772x1024.jpg\" alt=\"\" class=\"wp-image-2207\" width=\"457\" height=\"605\" srcset=\"http:\/\/diy-ideenreich.de\/wp-content\/uploads\/2022\/07\/IMG_0942-2-772x1024.jpg 772w, http:\/\/diy-ideenreich.de\/wp-content\/uploads\/2022\/07\/IMG_0942-2-226x300.jpg 226w, http:\/\/diy-ideenreich.de\/wp-content\/uploads\/2022\/07\/IMG_0942-2-768x1019.jpg 768w, http:\/\/diy-ideenreich.de\/wp-content\/uploads\/2022\/07\/IMG_0942-2-1158x1536.jpg 1158w, http:\/\/diy-ideenreich.de\/wp-content\/uploads\/2022\/07\/IMG_0942-2.jpg 1544w\" sizes=\"auto, (max-width: 457px) 100vw, 457px\" \/><\/figure>\n\n\n\n<p><\/p>\n\n\n\n<p>F\u00fcr Omas Biskuit:<\/p>\n\n\n\n<figure class=\"wp-block-image size-large is-resized\"><img loading=\"lazy\" decoding=\"async\" src=\"http:\/\/www.diy-ideenreich.de\/wp-content\/uploads\/2022\/07\/IMG_0943-1-1024x768.jpg\" alt=\"\" class=\"wp-image-2205\" width=\"465\" height=\"348\" srcset=\"http:\/\/diy-ideenreich.de\/wp-content\/uploads\/2022\/07\/IMG_0943-1-1024x768.jpg 1024w, http:\/\/diy-ideenreich.de\/wp-content\/uploads\/2022\/07\/IMG_0943-1-300x225.jpg 300w, http:\/\/diy-ideenreich.de\/wp-content\/uploads\/2022\/07\/IMG_0943-1-768x576.jpg 768w, http:\/\/diy-ideenreich.de\/wp-content\/uploads\/2022\/07\/IMG_0943-1-1536x1152.jpg 1536w, http:\/\/diy-ideenreich.de\/wp-content\/uploads\/2022\/07\/IMG_0943-1-360x270.jpg 360w, http:\/\/diy-ideenreich.de\/wp-content\/uploads\/2022\/07\/IMG_0943-1.jpg 2048w\" sizes=\"auto, (max-width: 465px) 100vw, 465px\" \/><\/figure>\n\n\n\n<p>Zutaten:<\/p>\n\n\n\n<p>6 Eier<\/p>\n\n\n\n<p>250 g Zucker<\/p>\n\n\n\n<p>250 g Mehl<\/p>\n\n\n\n<p>1 Vanillinzucker T\u00fctchen<\/p>\n\n\n\n<p>2 TL Backpulver<\/p>\n\n\n\n<p>4 EL hei\u00dfes Wasser<\/p>\n\n\n\n<p>Die Eier mit den Zuckern und dem warmen Wasser aufschlagen. Dies am besten 10 min. bei h\u00f6chster Stufe. Meine Gro\u00dfmutter hat damals das tats\u00e4chlich immer mit dem Handr\u00fchrger\u00e4t gemacht, ich danke meiner K\u00fcchenmaschine, die alles sch\u00f6n schaumig f\u00fcr mich schl\u00e4gt. Der Tipp ist aber wirklich Gold Wert, der Biskuit wird wirklich fluffiger.<\/p>\n\n\n\n<p>Wenn dann der Biskuit fertig ist, die restlichen Zutaten vorsichtig unterheben. Am besten das Mehl vorher sieben.<\/p>\n\n\n\n<p>Alles bei Ober- und Unterhitze backen.<\/p>\n\n\n\n<figure class=\"wp-block-image size-large is-resized\"><img loading=\"lazy\" decoding=\"async\" src=\"http:\/\/www.diy-ideenreich.de\/wp-content\/uploads\/2022\/07\/Omas-Biskuit-1-1024x1019.jpg\" alt=\"\" class=\"wp-image-2200\" width=\"434\" height=\"431\" srcset=\"http:\/\/diy-ideenreich.de\/wp-content\/uploads\/2022\/07\/Omas-Biskuit-1-1024x1019.jpg 1024w, http:\/\/diy-ideenreich.de\/wp-content\/uploads\/2022\/07\/Omas-Biskuit-1-300x298.jpg 300w, http:\/\/diy-ideenreich.de\/wp-content\/uploads\/2022\/07\/Omas-Biskuit-1-150x150.jpg 150w, http:\/\/diy-ideenreich.de\/wp-content\/uploads\/2022\/07\/Omas-Biskuit-1-768x764.jpg 768w, http:\/\/diy-ideenreich.de\/wp-content\/uploads\/2022\/07\/Omas-Biskuit-1-1536x1528.jpg 1536w, http:\/\/diy-ideenreich.de\/wp-content\/uploads\/2022\/07\/Omas-Biskuit-1.jpg 2048w\" sizes=\"auto, (max-width: 434px) 100vw, 434px\" \/><\/figure>\n\n\n\n<p><\/p>\n\n\n\n<p>Die Erdbeercreme:<\/p>\n\n\n\n<p>Ist nicht von mir. Mein Kind liebt diese Creme. Normalerweise mache ich gerne selbst die Kuchencreme, aber sie war ausdr\u00fccklich gew\u00fcnscht. Hier war es also einfach: die Sahne aufschlagen, dann das Pulver des Herstellers nach Anleitung im Wasser aufl\u00f6sen und unterheben.<\/p>\n\n\n\n<p>Zusammensetzen:<\/p>\n\n\n\n<p>Den Boden zurechtschneiden (da meiner zu dick geworden war), dann mit Marmelade bestreichen (Erdbeer-Johannisbeeren ohne St\u00fccke). Dann die erste Schicht des zugeschnittenen Biskuits daraufsetzen.<\/p>\n\n\n\n<figure class=\"wp-block-image size-large is-resized\"><img loading=\"lazy\" decoding=\"async\" src=\"http:\/\/www.diy-ideenreich.de\/wp-content\/uploads\/2022\/07\/IMG_0948-1024x745.jpg\" alt=\"\" class=\"wp-image-2208\" width=\"405\" height=\"294\" srcset=\"http:\/\/diy-ideenreich.de\/wp-content\/uploads\/2022\/07\/IMG_0948-1024x745.jpg 1024w, http:\/\/diy-ideenreich.de\/wp-content\/uploads\/2022\/07\/IMG_0948-300x218.jpg 300w, http:\/\/diy-ideenreich.de\/wp-content\/uploads\/2022\/07\/IMG_0948-768x558.jpg 768w, http:\/\/diy-ideenreich.de\/wp-content\/uploads\/2022\/07\/IMG_0948-1536x1117.jpg 1536w, http:\/\/diy-ideenreich.de\/wp-content\/uploads\/2022\/07\/IMG_0948.jpg 2048w\" sizes=\"auto, (max-width: 405px) 100vw, 405px\" \/><\/figure>\n\n\n\n<p><\/p>\n\n\n\n<p>Nun die Erdbeeren waschen, unten gerade zurechtschneiden und auf dem ersten Kuchenboden verteilen. Wer mag, kann die Beeren noch zuckern.<\/p>\n\n\n\n<figure class=\"wp-block-image size-large is-resized\"><img loading=\"lazy\" decoding=\"async\" src=\"http:\/\/www.diy-ideenreich.de\/wp-content\/uploads\/2022\/07\/Erdbeerbiskuit-1024x854.jpg\" alt=\"\" class=\"wp-image-2209\" width=\"342\" height=\"285\" srcset=\"http:\/\/diy-ideenreich.de\/wp-content\/uploads\/2022\/07\/Erdbeerbiskuit-1024x854.jpg 1024w, http:\/\/diy-ideenreich.de\/wp-content\/uploads\/2022\/07\/Erdbeerbiskuit-300x250.jpg 300w, http:\/\/diy-ideenreich.de\/wp-content\/uploads\/2022\/07\/Erdbeerbiskuit-768x640.jpg 768w, http:\/\/diy-ideenreich.de\/wp-content\/uploads\/2022\/07\/Erdbeerbiskuit-1536x1280.jpg 1536w, http:\/\/diy-ideenreich.de\/wp-content\/uploads\/2022\/07\/Erdbeerbiskuit.jpg 2048w\" sizes=\"auto, (max-width: 342px) 100vw, 342px\" \/><\/figure>\n\n\n\n<p><\/p>\n\n\n\n<figure class=\"wp-block-image size-large is-resized\"><img loading=\"lazy\" decoding=\"async\" src=\"http:\/\/www.diy-ideenreich.de\/wp-content\/uploads\/2022\/07\/IMG_0951-917x1024.jpg\" alt=\"\" class=\"wp-image-2210\" width=\"354\" height=\"393\"\/><\/figure>\n\n\n\n<figure class=\"wp-block-image size-large is-resized\"><img loading=\"lazy\" decoding=\"async\" src=\"http:\/\/www.diy-ideenreich.de\/wp-content\/uploads\/2022\/07\/IMG_0952-962x1024.jpg\" alt=\"\" class=\"wp-image-2211\" width=\"355\" height=\"378\" srcset=\"http:\/\/diy-ideenreich.de\/wp-content\/uploads\/2022\/07\/IMG_0952-962x1024.jpg 962w, http:\/\/diy-ideenreich.de\/wp-content\/uploads\/2022\/07\/IMG_0952-282x300.jpg 282w, http:\/\/diy-ideenreich.de\/wp-content\/uploads\/2022\/07\/IMG_0952-768x818.jpg 768w, http:\/\/diy-ideenreich.de\/wp-content\/uploads\/2022\/07\/IMG_0952-1442x1536.jpg 1442w, http:\/\/diy-ideenreich.de\/wp-content\/uploads\/2022\/07\/IMG_0952.jpg 1923w\" sizes=\"auto, (max-width: 355px) 100vw, 355px\" \/><\/figure>\n\n\n\n<figure class=\"wp-block-image size-large is-resized\"><img loading=\"lazy\" decoding=\"async\" src=\"http:\/\/www.diy-ideenreich.de\/wp-content\/uploads\/2022\/07\/IMG_0955-950x1024.jpg\" alt=\"\" class=\"wp-image-2212\" width=\"359\" height=\"387\" srcset=\"http:\/\/diy-ideenreich.de\/wp-content\/uploads\/2022\/07\/IMG_0955-950x1024.jpg 950w, http:\/\/diy-ideenreich.de\/wp-content\/uploads\/2022\/07\/IMG_0955-278x300.jpg 278w, http:\/\/diy-ideenreich.de\/wp-content\/uploads\/2022\/07\/IMG_0955-768x828.jpg 768w, http:\/\/diy-ideenreich.de\/wp-content\/uploads\/2022\/07\/IMG_0955-1425x1536.jpg 1425w, http:\/\/diy-ideenreich.de\/wp-content\/uploads\/2022\/07\/IMG_0955.jpg 1900w\" sizes=\"auto, (max-width: 359px) 100vw, 359px\" \/><\/figure>\n\n\n\n<figure class=\"wp-block-image size-large is-resized\"><img loading=\"lazy\" decoding=\"async\" src=\"http:\/\/www.diy-ideenreich.de\/wp-content\/uploads\/2022\/07\/IMG_0956-1024x982.jpg\" alt=\"\" class=\"wp-image-2213\" width=\"356\" height=\"340\" srcset=\"http:\/\/diy-ideenreich.de\/wp-content\/uploads\/2022\/07\/IMG_0956-1024x982.jpg 1024w, http:\/\/diy-ideenreich.de\/wp-content\/uploads\/2022\/07\/IMG_0956-300x288.jpg 300w, http:\/\/diy-ideenreich.de\/wp-content\/uploads\/2022\/07\/IMG_0956-768x736.jpg 768w, http:\/\/diy-ideenreich.de\/wp-content\/uploads\/2022\/07\/IMG_0956-1536x1472.jpg 1536w, http:\/\/diy-ideenreich.de\/wp-content\/uploads\/2022\/07\/IMG_0956.jpg 2048w\" sizes=\"auto, (max-width: 356px) 100vw, 356px\" \/><\/figure>\n\n\n\n<p>Den Tortenring wieder um die Torte packen. Dann die Creme auftragen, den n\u00e4chsten Tortenboden aufsetzen. Hier wie zuvor vorgehen, bis der letzte Boden aufliegt. Alles in den K\u00fchlschrank stellen, bis die Sahne fest ist.<\/p>\n\n\n\n<p>Die Karamell-Ganache\/ Kr\u00fcmelmantel (Crumcoat) und Kleber f\u00fcr Fondant:<\/p>\n\n\n\n<p>400g wei\u00dfe Schokolade<\/p>\n\n\n\n<p>200ml Sahne<\/p>\n\n\n\n<p>Ganz der franz\u00f6sischen Legende nach (der schusselige K\u00fcchenjunge, hat einen Fehler gemacht und wurde daraufhin als Ganache (Trottel) beschimpft, dann wurde probiert und die neue Kreation erhielt prompt diesen Namen), war es eher ein Versehen als Absicht.<\/p>\n\n\n\n<p>Eigentlich sollte es eine wei\u00dfe Schokoladen-Ganache werden. Doch, sagen wir es mal so, sie ist mir nicht angebrannt, sondern gl\u00fccklicherweise \u201enur\u201c karamellisiert. Und so entstand pl\u00f6tzlich diese Ganache.<\/p>\n\n\n\n<p>Wie karamelliert man nun wei\u00dfe Schokolade? Ganz einfach. Wider aller Rezepte, nicht erst die Sahne aufkochen lassen und entweder: die Schokolade DANACH hineinf\u00fcllen oder die hei\u00dfe Sahne \u00dcBER die Schoki in einer separaten Metallsch\u00fcssel gie\u00dfen. Nein, wenn man mal wieder ein K\u00fcchenanarchist ist, erst die Schoki in den Topf, Herd auf mittlere Temperatur an und dann die Sahne dr\u00fcber, alles schlichtweg kurzweilig vergessen, vor Schreck zum Herd laufen und r\u00fchren, merken, dass die Schokolade unten \u201eetwas\u201c angesetzt ist und das beste hoffen und nun einfach weiterr\u00fchren, als sollte das so sein, da es nach dem Probieren, echt lecker war.<\/p>\n\n\n\n<p>Alles gut im K\u00fchlschrank abk\u00fchlen lassen. Wenn sie zu fest geworden ist, die Ganache kurz in die Mikrowelle. Dann kann man sie auf dem Kuchen verstreichen.<\/p>\n\n\n\n<p>Mit der Ganache die Torte bestreichen. So dass keine Sahne mit dem Fondant sp\u00e4ter in Ber\u00fchrung kommt, denn Sahne l\u00f6st den Fondant schlechtesten Falls auf.<\/p>\n\n\n\n<p>Dann alles wieder zur\u00fcck in den K\u00fchlschrank.<\/p>\n\n\n\n<figure class=\"wp-block-image size-large is-resized\"><img loading=\"lazy\" decoding=\"async\" src=\"http:\/\/www.diy-ideenreich.de\/wp-content\/uploads\/2022\/07\/Karamellganache-1000x1024.jpg\" alt=\"\" class=\"wp-image-2214\" width=\"406\" height=\"415\" srcset=\"http:\/\/diy-ideenreich.de\/wp-content\/uploads\/2022\/07\/Karamellganache-1000x1024.jpg 1000w, http:\/\/diy-ideenreich.de\/wp-content\/uploads\/2022\/07\/Karamellganache-293x300.jpg 293w, http:\/\/diy-ideenreich.de\/wp-content\/uploads\/2022\/07\/Karamellganache-768x786.jpg 768w, http:\/\/diy-ideenreich.de\/wp-content\/uploads\/2022\/07\/Karamellganache-1500x1536.jpg 1500w, http:\/\/diy-ideenreich.de\/wp-content\/uploads\/2022\/07\/Karamellganache.jpg 2000w\" sizes=\"auto, (max-width: 406px) 100vw, 406px\" \/><\/figure>\n\n\n\n<p><\/p>\n\n\n\n<p>In der Zwischenzeit kann man sich dem Fondant widmen. Die (drei) Fondantpackungen GUT miteinander verkneten. Dann den Fondant ausrollen.<\/p>\n\n\n\n<p>Danach die Torte einkleiden. (da ich die unterschiedlichen Fondantpackungen zuvor nicht gut genug verknetet habe, ergaben sich leider sp\u00e4ter N\u00e4hte\/Risse, das war sehr \u00e4rgerlich).<\/p>\n\n\n\n<figure class=\"wp-block-image size-large is-resized\"><img loading=\"lazy\" decoding=\"async\" src=\"http:\/\/www.diy-ideenreich.de\/wp-content\/uploads\/2022\/07\/IMG_0982-907x1024.jpg\" alt=\"\" class=\"wp-image-2201\" width=\"403\" height=\"454\" srcset=\"http:\/\/diy-ideenreich.de\/wp-content\/uploads\/2022\/07\/IMG_0982-907x1024.jpg 907w, http:\/\/diy-ideenreich.de\/wp-content\/uploads\/2022\/07\/IMG_0982-266x300.jpg 266w, http:\/\/diy-ideenreich.de\/wp-content\/uploads\/2022\/07\/IMG_0982-768x868.jpg 768w, http:\/\/diy-ideenreich.de\/wp-content\/uploads\/2022\/07\/IMG_0982-1360x1536.jpg 1360w, http:\/\/diy-ideenreich.de\/wp-content\/uploads\/2022\/07\/IMG_0982.jpg 1813w\" sizes=\"auto, (max-width: 403px) 100vw, 403px\" \/><\/figure>\n\n\n\n<figure class=\"wp-block-image size-large is-resized\"><img loading=\"lazy\" decoding=\"async\" src=\"http:\/\/www.diy-ideenreich.de\/wp-content\/uploads\/2022\/07\/IMG_0983-819x1024.jpg\" alt=\"\" class=\"wp-image-2202\" width=\"401\" height=\"500\" srcset=\"http:\/\/diy-ideenreich.de\/wp-content\/uploads\/2022\/07\/IMG_0983-819x1024.jpg 819w, http:\/\/diy-ideenreich.de\/wp-content\/uploads\/2022\/07\/IMG_0983-240x300.jpg 240w\" sizes=\"auto, (max-width: 401px) 100vw, 401px\" \/><\/figure>\n\n\n\n<p><\/p>\n\n\n\n<p>Dann kann man die Torte verzieren: <\/p>\n\n\n\n<p><\/p>\n\n\n\n<figure class=\"wp-block-image size-large is-resized\"><img loading=\"lazy\" decoding=\"async\" src=\"http:\/\/www.diy-ideenreich.de\/wp-content\/uploads\/2022\/07\/Erdbeergeburtstagskuchen-1-1024x863.jpg\" alt=\"\" class=\"wp-image-2217\" width=\"397\" height=\"334\" srcset=\"http:\/\/diy-ideenreich.de\/wp-content\/uploads\/2022\/07\/Erdbeergeburtstagskuchen-1-1024x863.jpg 1024w, http:\/\/diy-ideenreich.de\/wp-content\/uploads\/2022\/07\/Erdbeergeburtstagskuchen-1-300x253.jpg 300w, http:\/\/diy-ideenreich.de\/wp-content\/uploads\/2022\/07\/Erdbeergeburtstagskuchen-1-768x647.jpg 768w, http:\/\/diy-ideenreich.de\/wp-content\/uploads\/2022\/07\/Erdbeergeburtstagskuchen-1-1536x1294.jpg 1536w, http:\/\/diy-ideenreich.de\/wp-content\/uploads\/2022\/07\/Erdbeergeburtstagskuchen-1.jpg 2048w\" sizes=\"auto, (max-width: 397px) 100vw, 397px\" \/><\/figure>\n\n\n\n<figure class=\"wp-block-image size-large is-resized\"><img loading=\"lazy\" decoding=\"async\" src=\"http:\/\/www.diy-ideenreich.de\/wp-content\/uploads\/2022\/07\/Motivtorte-1024x690.jpg\" alt=\"\" class=\"wp-image-2218\" width=\"407\" height=\"274\" srcset=\"http:\/\/diy-ideenreich.de\/wp-content\/uploads\/2022\/07\/Motivtorte-1024x690.jpg 1024w, http:\/\/diy-ideenreich.de\/wp-content\/uploads\/2022\/07\/Motivtorte-300x202.jpg 300w, http:\/\/diy-ideenreich.de\/wp-content\/uploads\/2022\/07\/Motivtorte-768x517.jpg 768w, http:\/\/diy-ideenreich.de\/wp-content\/uploads\/2022\/07\/Motivtorte-1536x1034.jpg 1536w, http:\/\/diy-ideenreich.de\/wp-content\/uploads\/2022\/07\/Motivtorte.jpg 2048w\" sizes=\"auto, (max-width: 407px) 100vw, 407px\" \/><\/figure>\n\n\n\n<figure class=\"wp-block-image size-large is-resized\"><img loading=\"lazy\" decoding=\"async\" src=\"http:\/\/www.diy-ideenreich.de\/wp-content\/uploads\/2022\/07\/Erdbeertorte-2-1024x660.jpg\" alt=\"\" class=\"wp-image-2221\" width=\"407\" height=\"262\" srcset=\"http:\/\/diy-ideenreich.de\/wp-content\/uploads\/2022\/07\/Erdbeertorte-2-1024x660.jpg 1024w, http:\/\/diy-ideenreich.de\/wp-content\/uploads\/2022\/07\/Erdbeertorte-2-300x193.jpg 300w, http:\/\/diy-ideenreich.de\/wp-content\/uploads\/2022\/07\/Erdbeertorte-2-768x495.jpg 768w, http:\/\/diy-ideenreich.de\/wp-content\/uploads\/2022\/07\/Erdbeertorte-2-1536x989.jpg 1536w, http:\/\/diy-ideenreich.de\/wp-content\/uploads\/2022\/07\/Erdbeertorte-2.jpg 2048w\" sizes=\"auto, (max-width: 407px) 100vw, 407px\" \/><\/figure>\n\n\n\n<p>Zuvor habe ich mit der Schwester kleine Erdbeeren, Bl\u00e4tter, Blumen und Schmetterlinge hergestellt, die ich nun an die Torte angebracht habe. Goldene Streukugeln f\u00fcr die gelben P\u00fcnktchen auf der Beere verteilen und ganz zum Schluss, mit Hilfe eines Dekoklebers, fand auch die Erdbeerfee ihren Platz (hierzu gibt es einen extra Beitrag). <\/p>\n","protected":false},"excerpt":{"rendered":"<p>Und Omas Biskuit Mama zum Kind: \u201eWas w\u00fcnscht du dir als Geburtstagstorte?\u201c \u201eIch w\u00fcnsche mir eine Erdbeertorte!\u201c \u201eUnd wie soll [&hellip;]<\/p>\n","protected":false},"author":1,"featured_media":2222,"comment_status":"open","ping_status":"open","sticky":false,"template":"","format":"standard","meta":{"footnotes":""},"categories":[1,2317,32,15,34],"tags":[1166,1482,1481,1476,56,506,492,1471,1486,1468,1461,1462,1463,1460,1459,1492,347,193,1491,1469,1475,1456,1464,1490,1457,1400,1458,1470,1489,1467,1472,1477,1479,1487,1474,1484,1483,1473,1480,1455,1466,1465,1485,1488,1478],"class_list":["post-2198","post","type-post","status-publish","format-standard","has-post-thumbnail","hentry","category-allgemein","category-kindergeburtstage","category-kulinarisches","category-startseiten-beitraege","category-suesses","tag-backideen","tag-bolo-de-motivos","tag-ciasto-z-motywem","tag-ciste-moitif","tag-diy","tag-diy-ideas","tag-diy-ideen","tag-diy-motivtorte","tag-dort-s-motivem","tag-erdbeercreme","tag-erdbeerfee","tag-erdbeerinchen","tag-erdbeerinchentorte","tag-erdbeerkuchen","tag-erdbeertorte","tag-fairy-cake","tag-fairy-tale-decoration","tag-fairytail","tag-feenkuchen","tag-ganache","tag-gateau-a-motifs","tag-geburtstagstorte","tag-geburtstagstorte-mit-fondant","tag-ideen-aus-erdbeeren","tag-ideen-aus-fondant","tag-ideen-fuer-den-kindergeburtstag","tag-ideen-mit-fondant","tag-karamellganache","tag-kindergeburtstag","tag-klassische-torte","tag-motif-cake","tag-motif-kaka","tag-motif-taart","tag-motifli-pasta","tag-motiivi-kakku","tag-motiv-tarta","tag-motiv-tort","tag-motivkage","tag-motivkake","tag-motivtorte","tag-omas-biskuit","tag-omas-rezepte","tag-pastel-de-motivo","tag-strawberry-cake","tag-torta-a-motivo"],"_links":{"self":[{"href":"http:\/\/diy-ideenreich.de\/index.php?rest_route=\/wp\/v2\/posts\/2198","targetHints":{"allow":["GET"]}}],"collection":[{"href":"http:\/\/diy-ideenreich.de\/index.php?rest_route=\/wp\/v2\/posts"}],"about":[{"href":"http:\/\/diy-ideenreich.de\/index.php?rest_route=\/wp\/v2\/types\/post"}],"author":[{"embeddable":true,"href":"http:\/\/diy-ideenreich.de\/index.php?rest_route=\/wp\/v2\/users\/1"}],"replies":[{"embeddable":true,"href":"http:\/\/diy-ideenreich.de\/index.php?rest_route=%2Fwp%2Fv2%2Fcomments&post=2198"}],"version-history":[{"count":1,"href":"http:\/\/diy-ideenreich.de\/index.php?rest_route=\/wp\/v2\/posts\/2198\/revisions"}],"predecessor-version":[{"id":2223,"href":"http:\/\/diy-ideenreich.de\/index.php?rest_route=\/wp\/v2\/posts\/2198\/revisions\/2223"}],"wp:featuredmedia":[{"embeddable":true,"href":"http:\/\/diy-ideenreich.de\/index.php?rest_route=\/wp\/v2\/media\/2222"}],"wp:attachment":[{"href":"http:\/\/diy-ideenreich.de\/index.php?rest_route=%2Fwp%2Fv2%2Fmedia&parent=2198"}],"wp:term":[{"taxonomy":"category","embeddable":true,"href":"http:\/\/diy-ideenreich.de\/index.php?rest_route=%2Fwp%2Fv2%2Fcategories&post=2198"},{"taxonomy":"post_tag","embeddable":true,"href":"http:\/\/diy-ideenreich.de\/index.php?rest_route=%2Fwp%2Fv2%2Ftags&post=2198"}],"curies":[{"name":"wp","href":"https:\/\/api.w.org\/{rel}","templated":true}]}}