{"id":2478,"date":"2023-01-18T15:02:09","date_gmt":"2023-01-18T14:02:09","guid":{"rendered":"http:\/\/www.diy-ideenreich.de\/?p=2478"},"modified":"2023-01-18T15:05:07","modified_gmt":"2023-01-18T14:05:07","slug":"buecherschloesser-eine-idee-zwei-ausfuehrungen","status":"publish","type":"post","link":"http:\/\/diy-ideenreich.de\/?p=2478","title":{"rendered":"B\u00fccherschl\u00f6sser: eine Idee, zwei Ausf\u00fchrungen."},"content":{"rendered":"\n<p>Die Macht der B\u00fccher und Kreativit\u00e4t. Bzw. womit assoziiert man M\u00e4rchen, wenn nicht mit dem Medium Buch?! Wir hatten noch etwas von unserer herrlichen Motivtapete \u00fcbrig und so kam die Idee zu diesen Fensterbildern.<\/p>\n\n\n\n<p>Eine kleine Anmerkung zu dieser Anleitung: Diese Schl\u00f6sser habe ich bereits gebastelt, als ich noch keinen Blog hatte, daher habe ich die Schl\u00f6sser jeweils im fertigen Zustand abfotografiert f\u00fcr manche Details, aber leider keine einzelnen Fotos vom Entstehungsprozess selbst. <\/p>\n\n\n\n<figure class=\"wp-block-image size-large is-resized\"><img loading=\"lazy\" decoding=\"async\" src=\"http:\/\/www.diy-ideenreich.de\/wp-content\/uploads\/2023\/01\/Fensterbilder-zum-Traeumen-751x1024.jpg\" alt=\"\" class=\"wp-image-2480\" width=\"420\" height=\"572\" srcset=\"http:\/\/diy-ideenreich.de\/wp-content\/uploads\/2023\/01\/Fensterbilder-zum-Traeumen-751x1024.jpg 751w, http:\/\/diy-ideenreich.de\/wp-content\/uploads\/2023\/01\/Fensterbilder-zum-Traeumen-220x300.jpg 220w, http:\/\/diy-ideenreich.de\/wp-content\/uploads\/2023\/01\/Fensterbilder-zum-Traeumen-768x1048.jpg 768w, http:\/\/diy-ideenreich.de\/wp-content\/uploads\/2023\/01\/Fensterbilder-zum-Traeumen-1126x1536.jpg 1126w, http:\/\/diy-ideenreich.de\/wp-content\/uploads\/2023\/01\/Fensterbilder-zum-Traeumen.jpg 1501w\" sizes=\"auto, (max-width: 420px) 100vw, 420px\" \/><\/figure>\n\n\n\n<p><\/p>\n\n\n\n<p>Material<\/p>\n\n\n\n<p>Tacker<\/p>\n\n\n\n<p>Schleifenband<\/p>\n\n\n\n<p>Tonkarton<\/p>\n\n\n\n<p>Alte Buchseiten<\/p>\n\n\n\n<p>Motivtapete<\/p>\n\n\n\n<p>Glitzersteine<\/p>\n\n\n\n<p>Draht<\/p>\n\n\n\n<p>Schl\u00fcssel<\/p>\n\n\n\n<p>Blumen<\/p>\n\n\n\n<p>Beide Varianten beginnen mit den T\u00fcrmen aus der Motivtapete und der Burgmauer. Bei dem einen Schluss besteht die Burgmauer aus den B\u00fcchern und es werden die Zinnen ausgeschnitten. Die Tapete wird daf\u00fcr so zusammengeklebt und getackert, dass sie doppelt liegt (also von au\u00dfen wie von innen die B\u00fccher zu sehen sind und nicht eine Seite des Fensterbildes wei\u00df bleibt.).<\/p>\n\n\n\n<figure class=\"wp-block-image size-large is-resized\"><img loading=\"lazy\" decoding=\"async\" src=\"http:\/\/www.diy-ideenreich.de\/wp-content\/uploads\/2023\/01\/IMG_0093-1024x768.jpg\" alt=\"\" class=\"wp-image-2481\" width=\"468\" height=\"350\" srcset=\"http:\/\/diy-ideenreich.de\/wp-content\/uploads\/2023\/01\/IMG_0093-1024x768.jpg 1024w, http:\/\/diy-ideenreich.de\/wp-content\/uploads\/2023\/01\/IMG_0093-300x225.jpg 300w, http:\/\/diy-ideenreich.de\/wp-content\/uploads\/2023\/01\/IMG_0093-768x576.jpg 768w, http:\/\/diy-ideenreich.de\/wp-content\/uploads\/2023\/01\/IMG_0093-1536x1152.jpg 1536w, http:\/\/diy-ideenreich.de\/wp-content\/uploads\/2023\/01\/IMG_0093-360x270.jpg 360w, http:\/\/diy-ideenreich.de\/wp-content\/uploads\/2023\/01\/IMG_0093.jpg 2048w\" sizes=\"auto, (max-width: 468px) 100vw, 468px\" \/><\/figure>\n\n\n\n<p><\/p>\n\n\n\n<p>Bei dem anderen Schloss besteht die Burgmauer aus den Buchseiten. Auch hier wird so gearbeitet, dass auf beiden Seiten (nach drau\u00dfen wie nach innen) die Zinnen sowie das Tor gleich gearbeitet werden. Nur dass hier die Mauer wie auch das Tor umgekehrt gearbeitet sind (was oben aus Tapete war, ist nun aus Buchseiten und umgekehrt).<\/p>\n\n\n\n<p><\/p>\n\n\n\n<figure class=\"wp-block-image size-large is-resized\"><img loading=\"lazy\" decoding=\"async\" src=\"http:\/\/www.diy-ideenreich.de\/wp-content\/uploads\/2023\/01\/IMG_0137-1024x768.jpg\" alt=\"\" class=\"wp-image-2482\" width=\"480\" height=\"359\" srcset=\"http:\/\/diy-ideenreich.de\/wp-content\/uploads\/2023\/01\/IMG_0137-1024x768.jpg 1024w, http:\/\/diy-ideenreich.de\/wp-content\/uploads\/2023\/01\/IMG_0137-300x225.jpg 300w, http:\/\/diy-ideenreich.de\/wp-content\/uploads\/2023\/01\/IMG_0137-768x576.jpg 768w, http:\/\/diy-ideenreich.de\/wp-content\/uploads\/2023\/01\/IMG_0137-1536x1152.jpg 1536w, http:\/\/diy-ideenreich.de\/wp-content\/uploads\/2023\/01\/IMG_0137-360x270.jpg 360w, http:\/\/diy-ideenreich.de\/wp-content\/uploads\/2023\/01\/IMG_0137.jpg 2048w\" sizes=\"auto, (max-width: 480px) 100vw, 480px\" \/><\/figure>\n\n\n\n<p><\/p>\n\n\n\n<figure class=\"wp-block-image size-large is-resized\"><img loading=\"lazy\" decoding=\"async\" src=\"http:\/\/www.diy-ideenreich.de\/wp-content\/uploads\/2023\/01\/IMG_0131-768x1024.jpg\" alt=\"\" class=\"wp-image-2483\" width=\"444\" height=\"591\" srcset=\"http:\/\/diy-ideenreich.de\/wp-content\/uploads\/2023\/01\/IMG_0131-768x1024.jpg 768w, http:\/\/diy-ideenreich.de\/wp-content\/uploads\/2023\/01\/IMG_0131-225x300.jpg 225w, http:\/\/diy-ideenreich.de\/wp-content\/uploads\/2023\/01\/IMG_0131-1152x1536.jpg 1152w, http:\/\/diy-ideenreich.de\/wp-content\/uploads\/2023\/01\/IMG_0131.jpg 1536w\" sizes=\"auto, (max-width: 444px) 100vw, 444px\" \/><\/figure>\n\n\n\n<p>In die Mauer bzw. zwischen die Zinnen kommen dann entsprechend die T\u00fcrme und der Bergfried. Damit alles gut h\u00e4lt, habe ich jeweils zur Befestigung einen Tacker verwendet.<\/p>\n\n\n\n<figure class=\"wp-block-image size-large is-resized\"><img loading=\"lazy\" decoding=\"async\" src=\"http:\/\/www.diy-ideenreich.de\/wp-content\/uploads\/2023\/01\/Maerchenschloss-basteln-1-1024x768.jpg\" alt=\"\" class=\"wp-image-2485\" width=\"470\" height=\"352\" srcset=\"http:\/\/diy-ideenreich.de\/wp-content\/uploads\/2023\/01\/Maerchenschloss-basteln-1-1024x768.jpg 1024w, http:\/\/diy-ideenreich.de\/wp-content\/uploads\/2023\/01\/Maerchenschloss-basteln-1-300x225.jpg 300w, http:\/\/diy-ideenreich.de\/wp-content\/uploads\/2023\/01\/Maerchenschloss-basteln-1-768x576.jpg 768w, http:\/\/diy-ideenreich.de\/wp-content\/uploads\/2023\/01\/Maerchenschloss-basteln-1-1536x1152.jpg 1536w, http:\/\/diy-ideenreich.de\/wp-content\/uploads\/2023\/01\/Maerchenschloss-basteln-1-360x270.jpg 360w, http:\/\/diy-ideenreich.de\/wp-content\/uploads\/2023\/01\/Maerchenschloss-basteln-1.jpg 2048w\" sizes=\"auto, (max-width: 470px) 100vw, 470px\" \/><\/figure>\n\n\n\n<p><\/p>\n\n\n\n<p>F\u00fcr den unteren Schmuck, wie auch f\u00fcr die Aufh\u00e4ngung, stanzt man einfach mit einem Locher die entsprechenden L\u00f6cher und kann so m\u00fchelos die Schleifenb\u00e4nder und den Draht anbringen.<\/p>\n\n\n\n<figure class=\"wp-block-image size-large is-resized\"><img loading=\"lazy\" decoding=\"async\" src=\"http:\/\/www.diy-ideenreich.de\/wp-content\/uploads\/2023\/01\/Aschenputtel-768x1024.jpg\" alt=\"\" class=\"wp-image-2488\" width=\"439\" height=\"584\" srcset=\"http:\/\/diy-ideenreich.de\/wp-content\/uploads\/2023\/01\/Aschenputtel-768x1024.jpg 768w, http:\/\/diy-ideenreich.de\/wp-content\/uploads\/2023\/01\/Aschenputtel-225x300.jpg 225w, http:\/\/diy-ideenreich.de\/wp-content\/uploads\/2023\/01\/Aschenputtel-1152x1536.jpg 1152w, http:\/\/diy-ideenreich.de\/wp-content\/uploads\/2023\/01\/Aschenputtel.jpg 1536w\" sizes=\"auto, (max-width: 439px) 100vw, 439px\" \/><\/figure>\n\n\n\n<p><\/p>\n\n\n\n<p>Als Dekoration dienen hier Schl\u00fcssel, Kronen, der Schuh von Aschenputtel. Diese sind zum Teil mit Steinen verziert.<\/p>\n\n\n\n<p><\/p>\n\n\n\n<figure class=\"wp-block-image size-large is-resized\"><img loading=\"lazy\" decoding=\"async\" src=\"http:\/\/www.diy-ideenreich.de\/wp-content\/uploads\/2023\/01\/das-Buecherschloss-1-768x1024.jpg\" alt=\"\" class=\"wp-image-2486\" width=\"379\" height=\"505\" srcset=\"http:\/\/diy-ideenreich.de\/wp-content\/uploads\/2023\/01\/das-Buecherschloss-1-768x1024.jpg 768w, http:\/\/diy-ideenreich.de\/wp-content\/uploads\/2023\/01\/das-Buecherschloss-1-225x300.jpg 225w, http:\/\/diy-ideenreich.de\/wp-content\/uploads\/2023\/01\/das-Buecherschloss-1-1152x1536.jpg 1152w, http:\/\/diy-ideenreich.de\/wp-content\/uploads\/2023\/01\/das-Buecherschloss-1.jpg 1536w\" sizes=\"auto, (max-width: 379px) 100vw, 379px\" \/><\/figure>\n","protected":false},"excerpt":{"rendered":"<p>Die Macht der B\u00fccher und Kreativit\u00e4t. Bzw. womit assoziiert man M\u00e4rchen, wenn nicht mit dem Medium Buch?! Wir hatten noch [&hellip;]<\/p>\n","protected":false},"author":1,"featured_media":2479,"comment_status":"open","ping_status":"open","sticky":false,"template":"","format":"standard","meta":{"footnotes":""},"categories":[1,38,1280,28,36,63,15,39],"tags":[342,336,1711,1710,1708,56,487,489,488,490,544,506,492,548,485,486,702,347,193,69,111,546,547,202,97,194,239,191,310,247,198,1709,1707,703,704,1371,348],"class_list":["post-2478","post","type-post","status-publish","format-standard","has-post-thumbnail","hentry","category-allgemein","category-basteln-fuer-kinder","category-fensterbilder","category-fruehjahr-und-fruehling","category-kinder","category-maerchenhaftes","category-startseiten-beitraege","category-upcyling-recyling","tag-basteln-macht-gluecklich","tag-bastelnleichtgemacht","tag-buecherliebe","tag-buecherschloss","tag-burgen","tag-diy","tag-diy-deco","tag-diy-decoration","tag-diy-deko","tag-diy-dekoration","tag-diy-fensterbilder","tag-diy-ideas","tag-diy-ideen","tag-diy-papercraft","tag-diyideas","tag-diyideen","tag-diyideenreich","tag-fairy-tale-decoration","tag-fairytail","tag-fensterbilder","tag-fensterdekoration","tag-imagem-da-janela","tag-imagen-de-la-ventana","tag-maerchen","tag-maerchenhafte-dekoration","tag-maerchenhaftes","tag-maerchenhaftes-fuer-und-mit-kindern-basteln","tag-maerchenschloss-fuer-kinder","tag-papercraftwithlove","tag-recycling-ideas","tag-recyclingideen","tag-schloesser","tag-tapeten-recycling","tag-vicky-diy-ideenreich","tag-vickys-diy-ideenreich","tag-vickysdiyideenreich","tag-window-image"],"_links":{"self":[{"href":"http:\/\/diy-ideenreich.de\/index.php?rest_route=\/wp\/v2\/posts\/2478","targetHints":{"allow":["GET"]}}],"collection":[{"href":"http:\/\/diy-ideenreich.de\/index.php?rest_route=\/wp\/v2\/posts"}],"about":[{"href":"http:\/\/diy-ideenreich.de\/index.php?rest_route=\/wp\/v2\/types\/post"}],"author":[{"embeddable":true,"href":"http:\/\/diy-ideenreich.de\/index.php?rest_route=\/wp\/v2\/users\/1"}],"replies":[{"embeddable":true,"href":"http:\/\/diy-ideenreich.de\/index.php?rest_route=%2Fwp%2Fv2%2Fcomments&post=2478"}],"version-history":[{"count":2,"href":"http:\/\/diy-ideenreich.de\/index.php?rest_route=\/wp\/v2\/posts\/2478\/revisions"}],"predecessor-version":[{"id":2489,"href":"http:\/\/diy-ideenreich.de\/index.php?rest_route=\/wp\/v2\/posts\/2478\/revisions\/2489"}],"wp:featuredmedia":[{"embeddable":true,"href":"http:\/\/diy-ideenreich.de\/index.php?rest_route=\/wp\/v2\/media\/2479"}],"wp:attachment":[{"href":"http:\/\/diy-ideenreich.de\/index.php?rest_route=%2Fwp%2Fv2%2Fmedia&parent=2478"}],"wp:term":[{"taxonomy":"category","embeddable":true,"href":"http:\/\/diy-ideenreich.de\/index.php?rest_route=%2Fwp%2Fv2%2Fcategories&post=2478"},{"taxonomy":"post_tag","embeddable":true,"href":"http:\/\/diy-ideenreich.de\/index.php?rest_route=%2Fwp%2Fv2%2Ftags&post=2478"}],"curies":[{"name":"wp","href":"https:\/\/api.w.org\/{rel}","templated":true}]}}