{"id":2690,"date":"2023-09-29T16:51:29","date_gmt":"2023-09-29T14:51:29","guid":{"rendered":"http:\/\/www.diy-ideenreich.de\/?p=2690"},"modified":"2023-12-05T21:16:49","modified_gmt":"2023-12-05T20:16:49","slug":"sommerliche-sanddorn-sahne-torte","status":"publish","type":"post","link":"http:\/\/diy-ideenreich.de\/?p=2690","title":{"rendered":"Sommerliche Sanddorn-Sahne-Torte"},"content":{"rendered":"\n<figure class=\"wp-block-image size-large\"><img loading=\"lazy\" decoding=\"async\" width=\"1024\" height=\"768\" src=\"http:\/\/www.diy-ideenreich.de\/wp-content\/uploads\/2023\/09\/Torte-und-Meehr-1-1024x768.jpg\" alt=\"\" class=\"wp-image-2696\" srcset=\"http:\/\/diy-ideenreich.de\/wp-content\/uploads\/2023\/09\/Torte-und-Meehr-1-1024x768.jpg 1024w, http:\/\/diy-ideenreich.de\/wp-content\/uploads\/2023\/09\/Torte-und-Meehr-1-300x225.jpg 300w, http:\/\/diy-ideenreich.de\/wp-content\/uploads\/2023\/09\/Torte-und-Meehr-1-768x576.jpg 768w, http:\/\/diy-ideenreich.de\/wp-content\/uploads\/2023\/09\/Torte-und-Meehr-1-1536x1152.jpg 1536w, http:\/\/diy-ideenreich.de\/wp-content\/uploads\/2023\/09\/Torte-und-Meehr-1-360x270.jpg 360w, http:\/\/diy-ideenreich.de\/wp-content\/uploads\/2023\/09\/Torte-und-Meehr-1.jpg 2048w\" sizes=\"auto, (max-width: 1024px) 100vw, 1024px\" \/><\/figure>\n\n\n\n<p>Sch\u00f6ne Gr\u00fc\u00dfe von der Nordsee. Leckerer Sanddorn, der einem von Mee(h)r tr\u00e4umen l\u00e4sst.<\/p>\n\n\n\n<p><\/p>\n\n\n\n<p>Zutaten: <\/p>\n\n\n\n<figure class=\"wp-block-table\"><table><tbody><tr><td>3geteilter<\/td><td>Biskuitboden<\/td><\/tr><tr><td>200g<\/td><td>Sanddorn Konfit\u00fcre<\/td><\/tr><tr><td>100ml<\/td><td>Orangensaft &#8211; m\u00f6glichst direkt gepresst<\/td><\/tr><tr><td>1 Becher<\/td><td>Schlagsahne<\/td><\/tr><tr><td>500g<\/td><td>Mascarpone<\/td><\/tr><tr><td>300g<\/td><td>Quark<\/td><\/tr><tr><td>150g<\/td><td>Joghurt<\/td><\/tr><tr><td>1 Packung<\/td><td>San-Apart<\/td><\/tr><tr><td>100g<\/td><td>Zucker<\/td><\/tr><tr><td>1\/2 Tafel<\/td><td>Wei\u00dfe Schokolade<\/td><\/tr><\/tbody><\/table><\/figure>\n\n\n\n<p> <style>@font-face {font-family:\"Cambria Math\"; panose-1:2 4 5 3 5 4 6 3 2 4; mso-font-charset:0; mso-generic-font-family:roman; mso-font-pitch:variable; mso-font-signature:-536870145 1107305727 0 0 415 0;}@font-face {font-family:Calibri; panose-1:2 15 5 2 2 2 4 3 2 4; mso-font-charset:0; mso-generic-font-family:swiss; mso-font-pitch:variable; mso-font-signature:-536859905 -1073697537 9 0 511 0;}@font-face {font-family:\"Helvetica Neue\"; panose-1:2 0 5 3 0 0 0 2 0 4; mso-font-alt:\"Helvetica Neue\"; mso-font-charset:0; mso-generic-font-family:auto; mso-font-pitch:variable; mso-font-signature:-452984065 1342208475 16 0 1 0;}p.MsoNormal, li.MsoNormal, div.MsoNormal {mso-style-unhide:no; mso-style-qformat:yes; mso-style-parent:\"\"; margin:0cm; mso-pagination:widow-orphan; font-size:12.0pt; font-family:\"Calibri\",sans-serif; mso-ascii-font-family:Calibri; mso-ascii-theme-font:minor-latin; mso-fareast-font-family:Calibri; mso-fareast-theme-font:minor-latin; mso-hansi-font-family:Calibri; mso-hansi-theme-font:minor-latin; mso-bidi-font-family:\"Times New Roman\"; mso-bidi-theme-font:minor-bidi; mso-fareast-language:EN-US;}.MsoChpDefault {mso-style-type:export-only; mso-default-props:yes; font-family:\"Calibri\",sans-serif; mso-ascii-font-family:Calibri; mso-ascii-theme-font:minor-latin; mso-fareast-font-family:Calibri; mso-fareast-theme-font:minor-latin; mso-hansi-font-family:Calibri; mso-hansi-theme-font:minor-latin; mso-bidi-font-family:\"Times New Roman\"; mso-bidi-theme-font:minor-bidi; mso-font-kerning:0pt; mso-ligatures:none; mso-fareast-language:EN-US;}div.WordSection1 {page:WordSection1;}ol {margin-bottom:0cm;}ul {margin-bottom:0cm;}<\/style><\/p>\n\n\n\n<p>Rezept:<\/p>\n\n\n\n<ol class=\"wp-block-list\">\n<li>Biskuitboden backen und dreifach teilen. Oder fertigen Boden kaufen (Achtung, nicht zu s\u00fc\u00dfen!!)<\/li>\n\n\n\n<li>Creme 1 anr\u00fchren: 250g Mascarpone + 150g Quark + 200g Konfit\u00fcre verr\u00fchren<\/li>\n\n\n\n<li>Creme 2 anr\u00fchren: 250g Mascarpone + 150g Quark + 150g Joghurt verr\u00fchren<\/li>\n\n\n\n<li>Dann O-Saft, Sahne und Zucker mit 5 L\u00f6ffel San-Apart steif schlagen.<\/li>\n\n\n\n<li>Sahne auf beide Cremes aufteilen, ebenso das restliche San-Apart<\/li>\n\n\n\n<li>Vorsichtig verr\u00fchren.<\/li>\n\n\n\n<li>Aufschichten + Dekorieren (mit Sahnespitzen und geraspelter wei\u00dfer Schokolade)<\/li>\n\n\n\n<li>\u00dcber Nacht im K\u00fchlschrank ziehen lassen.<\/li>\n<\/ol>\n\n\n\n<p><\/p>\n\n\n\n<figure class=\"wp-block-image size-large is-resized\"><img loading=\"lazy\" decoding=\"async\" width=\"835\" height=\"1024\" src=\"http:\/\/www.diy-ideenreich.de\/wp-content\/uploads\/2023\/09\/lecker-Sanddorn-835x1024.jpg\" alt=\"\" class=\"wp-image-2693\" style=\"width:394px;height:483px\" srcset=\"http:\/\/diy-ideenreich.de\/wp-content\/uploads\/2023\/09\/lecker-Sanddorn-835x1024.jpg 835w, http:\/\/diy-ideenreich.de\/wp-content\/uploads\/2023\/09\/lecker-Sanddorn-244x300.jpg 244w, http:\/\/diy-ideenreich.de\/wp-content\/uploads\/2023\/09\/lecker-Sanddorn-768x942.jpg 768w, http:\/\/diy-ideenreich.de\/wp-content\/uploads\/2023\/09\/lecker-Sanddorn-1252x1536.jpg 1252w, http:\/\/diy-ideenreich.de\/wp-content\/uploads\/2023\/09\/lecker-Sanddorn.jpg 1669w\" sizes=\"auto, (max-width: 835px) 100vw, 835px\" \/><\/figure>\n","protected":false},"excerpt":{"rendered":"<p>Sch\u00f6ne Gr\u00fc\u00dfe von der Nordsee. Leckerer Sanddorn, der einem von Mee(h)r tr\u00e4umen l\u00e4sst. Zutaten: 3geteilter Biskuitboden 200g Sanddorn Konfit\u00fcre 100ml [&hellip;]<\/p>\n","protected":false},"author":1,"featured_media":2691,"comment_status":"open","ping_status":"open","sticky":false,"template":"","format":"standard","meta":{"footnotes":""},"categories":[1,32,15,34],"tags":[1910,56,506,492,105,1917,1912,1112,1179,1916,1914,1915,1913,1875,978],"class_list":["post-2690","post","type-post","status-publish","format-standard","has-post-thumbnail","hentry","category-allgemein","category-kulinarisches","category-startseiten-beitraege","category-suesses","tag-cake","tag-diy","tag-diy-ideas","tag-diy-ideen","tag-kuchen","tag-kuchen-und-meehr","tag-kuchenglueck","tag-lecker-durch-das-ganze-jahr","tag-lecker-und-leicht","tag-mascarponerezepte","tag-quarkrezepte","tag-sanddornrezepte","tag-sanddorntorte","tag-sweat","tag-sweat-and-easy"],"_links":{"self":[{"href":"http:\/\/diy-ideenreich.de\/index.php?rest_route=\/wp\/v2\/posts\/2690","targetHints":{"allow":["GET"]}}],"collection":[{"href":"http:\/\/diy-ideenreich.de\/index.php?rest_route=\/wp\/v2\/posts"}],"about":[{"href":"http:\/\/diy-ideenreich.de\/index.php?rest_route=\/wp\/v2\/types\/post"}],"author":[{"embeddable":true,"href":"http:\/\/diy-ideenreich.de\/index.php?rest_route=\/wp\/v2\/users\/1"}],"replies":[{"embeddable":true,"href":"http:\/\/diy-ideenreich.de\/index.php?rest_route=%2Fwp%2Fv2%2Fcomments&post=2690"}],"version-history":[{"count":4,"href":"http:\/\/diy-ideenreich.de\/index.php?rest_route=\/wp\/v2\/posts\/2690\/revisions"}],"predecessor-version":[{"id":2750,"href":"http:\/\/diy-ideenreich.de\/index.php?rest_route=\/wp\/v2\/posts\/2690\/revisions\/2750"}],"wp:featuredmedia":[{"embeddable":true,"href":"http:\/\/diy-ideenreich.de\/index.php?rest_route=\/wp\/v2\/media\/2691"}],"wp:attachment":[{"href":"http:\/\/diy-ideenreich.de\/index.php?rest_route=%2Fwp%2Fv2%2Fmedia&parent=2690"}],"wp:term":[{"taxonomy":"category","embeddable":true,"href":"http:\/\/diy-ideenreich.de\/index.php?rest_route=%2Fwp%2Fv2%2Fcategories&post=2690"},{"taxonomy":"post_tag","embeddable":true,"href":"http:\/\/diy-ideenreich.de\/index.php?rest_route=%2Fwp%2Fv2%2Ftags&post=2690"}],"curies":[{"name":"wp","href":"https:\/\/api.w.org\/{rel}","templated":true}]}}