{"id":2905,"date":"2024-04-22T12:29:25","date_gmt":"2024-04-22T12:29:25","guid":{"rendered":"https:\/\/diy-ideenreich.de\/?p=2905"},"modified":"2024-04-22T12:29:25","modified_gmt":"2024-04-22T12:29:25","slug":"das-schaukelnde-maedchen-mixed-media-fensterbild","status":"publish","type":"post","link":"http:\/\/diy-ideenreich.de\/?p=2905","title":{"rendered":"Das schaukelnde M\u00e4dchen \u2013 Mixed Media Fensterbild"},"content":{"rendered":"\n<p>F\u00fcr dieses Jahr gibt es wieder ein praktisches Fensterbild. Wer schon l\u00e4nger meinen Blog besucht, kennt die Idee.<\/p>\n\n\n\n<p>F\u00fcr alle anderen, eine kurze Erkl\u00e4rung:<\/p>\n\n\n\n<p>Bei den praktischen Fensterbildern geht es darum, immer saisonal dekorieren zu k\u00f6nnen, auch wenn vielleicht die Zeit im Alltag knapp ist.<\/p>\n\n\n\n<p>Hierf\u00fcr gibt es immer ein Grundmotiv, dass sich nicht oder nur kaum ver\u00e4ndert. F\u00fcr jede Jahreszeit gibt es dann Erg\u00e4nzungen.<\/p>\n\n\n\n<p>Um dies dann noch f\u00fcr die kommenden Jahre zu vereinfachen, habe ich mir angew\u00f6hnt Fensterbilder generell so herzustellen, dass ich sie verwahren und im n\u00e4chsten Jahr gerne auch in anderen Kombinationen wiederverwenden kann.<\/p>\n\n\n\n<p>Dies sehe ich als nachhaltig, sparsam, zeiteffektiv und stressfrei an, wenn man mal unkreativ oder unter Zeitdruck steht und nicht f\u00fcr alle seine Fenster mal eben neue Dekoration herstellen kann oder will, so sehr man auch gerne bastelt.<\/p>\n\n\n\n<p>Hier ist es nun das Motiv \u201eschaukelndes M\u00e4dchen\u201c. Sie ist inspiriert durch meine T\u00f6chter, die ganzj\u00e4hrig durchschaukeln k\u00f6nnen, egal bei welchem Wetter und zu jeder Jahreszeit.<\/p>\n\n\n\n<p>Material Grundmotiv:<\/p>\n\n\n\n<p>Fensterfolie (f\u00fcr das M\u00e4dchen)<\/p>\n\n\n\n<p>Acrylstifte<\/p>\n\n\n\n<p>Kreidestifte (f\u00fcr die B\u00e4ume)<\/p>\n\n\n\n<p>Material f\u00fcr die Jahreszeiten<\/p>\n\n\n\n<p>Fensterfolien<\/p>\n\n\n\n<p>Acrylstifte<\/p>\n\n\n\n<p>Anleitung<\/p>\n\n\n\n<p>Zun\u00e4chst das gew\u00fcnschte Grundmotiv (hier das M\u00e4dchen auf der Schaukel) aufzeichnen und mit den Acrylmarkern ausmalen. Wenn alles getrocknet ist, kann man diese dann zurechtschneiden.<\/p>\n\n\n\n<figure class=\"wp-block-image size-large is-resized\"><img loading=\"lazy\" decoding=\"async\" width=\"768\" height=\"1024\" src=\"https:\/\/diy-ideenreich.de\/wp-content\/uploads\/2024\/04\/Fensterbild-Maedchen-768x1024.jpg\" alt=\"\" class=\"wp-image-2908\" style=\"width:370px;height:auto\" srcset=\"http:\/\/diy-ideenreich.de\/wp-content\/uploads\/2024\/04\/Fensterbild-Maedchen-768x1024.jpg 768w, http:\/\/diy-ideenreich.de\/wp-content\/uploads\/2024\/04\/Fensterbild-Maedchen-225x300.jpg 225w, http:\/\/diy-ideenreich.de\/wp-content\/uploads\/2024\/04\/Fensterbild-Maedchen-1152x1536.jpg 1152w, http:\/\/diy-ideenreich.de\/wp-content\/uploads\/2024\/04\/Fensterbild-Maedchen-1536x2048.jpg 1536w, http:\/\/diy-ideenreich.de\/wp-content\/uploads\/2024\/04\/Fensterbild-Maedchen-scaled.jpg 1920w\" sizes=\"auto, (max-width: 768px) 100vw, 768px\" \/><\/figure>\n\n\n\n<p>Am Fenster kann man dann das M\u00e4dchen anbringen und die B\u00e4ume mit den Kreidestiften anzeichnen. Zun\u00e4chst die Grundlinien in wei\u00df aufzeichnen und danach die Baumst\u00e4mme mit anderen Farben ausmalen. Ich habe mich f\u00fcr zwei sehr markante und unterschiedliche Baumarten entschieden: Birke und Eiche<\/p>\n\n\n\n<figure class=\"wp-block-image size-large is-resized\"><img loading=\"lazy\" decoding=\"async\" width=\"768\" height=\"1024\" src=\"https:\/\/diy-ideenreich.de\/wp-content\/uploads\/2024\/04\/Blaetter-768x1024.jpeg\" alt=\"\" class=\"wp-image-2907\" style=\"width:365px;height:auto\" srcset=\"http:\/\/diy-ideenreich.de\/wp-content\/uploads\/2024\/04\/Blaetter-768x1024.jpeg 768w, http:\/\/diy-ideenreich.de\/wp-content\/uploads\/2024\/04\/Blaetter-225x300.jpeg 225w, http:\/\/diy-ideenreich.de\/wp-content\/uploads\/2024\/04\/Blaetter-1152x1536.jpeg 1152w, http:\/\/diy-ideenreich.de\/wp-content\/uploads\/2024\/04\/Blaetter-1536x2048.jpeg 1536w, http:\/\/diy-ideenreich.de\/wp-content\/uploads\/2024\/04\/Blaetter-scaled.jpeg 1920w\" sizes=\"auto, (max-width: 768px) 100vw, 768px\" \/><\/figure>\n\n\n\n<p>Und dann kann es auch schon weitergehen mit der saisonalen Dekoration:<\/p>\n\n\n\n<p>F\u00fcr beide B\u00e4ume habe ich je einen Bogen Fensterfolie mit Bl\u00e4ttern und deren Bl\u00fcten\/Fr\u00fcchten aufgezeichnet und diese dann in Hellgr\u00fcn (f\u00fcr die ganz frischen Fr\u00fchlingsbl\u00e4tter), etwas dunkleres Gr\u00fcn f\u00fcr den Sommer bzw. den Rest des Jahres und in herbstlichen Farben ausgemalt.<\/p>\n\n\n\n<p>F\u00fcr die Unterpflanzung der B\u00e4ume nutze ich eines meiner &nbsp;vergangenen praktischen Fensterbilder (damals f\u00fcr unser K\u00fcchenfenster) und zwar die saisonalen Blumen.<\/p>\n","protected":false},"excerpt":{"rendered":"<p>F\u00fcr dieses Jahr gibt es wieder ein praktisches Fensterbild. Wer schon l\u00e4nger meinen Blog besucht, kennt die Idee. F\u00fcr alle [&hellip;]<\/p>\n","protected":false},"author":1,"featured_media":2906,"comment_status":"open","ping_status":"open","sticky":false,"template":"","format":"standard","meta":{"footnotes":""},"categories":[1,1280,28,21,30,15],"tags":[1556,1825,342,1794,336,2068,56,488,506,492,702,2069,2064,2065,1793,1802,1795,1812,2067,1553,1558,1406,1038,927,1273,928,2066,2070,703,704,1371,348],"class_list":["post-2905","post","type-post","status-publish","format-standard","has-post-thumbnail","hentry","category-allgemein","category-fensterbilder","category-fruehjahr-und-fruehling","category-herbst","category-sommer","category-startseiten-beitraege","tag-acryl-marker","tag-acrylmarker","tag-basteln-macht-gluecklich","tag-basteln-mit-fensterfolie","tag-bastelnleichtgemacht","tag-birke","tag-diy","tag-diy-deko","tag-diy-ideas","tag-diy-ideen","tag-diyideenreich","tag-eiche","tag-fenster-verzieren-mit-kreidestiften","tag-fensterbilder-mit-acrylmarkern","tag-fensterfolie","tag-fensterfolie-ideal-zum-gestalten","tag-fensterfolie-selbsthaftend","tag-film-de-fenetre","tag-maedchen","tag-marcador-acrilico","tag-marqueur-acrylique","tag-mixed-media","tag-mixedmedia","tag-praktisches-fensterbild","tag-saisonal","tag-saisonales-fensterbild","tag-schaukel","tag-schoener-ausblick","tag-vicky-diy-ideenreich","tag-vickys-diy-ideenreich","tag-vickysdiyideenreich","tag-window-image"],"_links":{"self":[{"href":"http:\/\/diy-ideenreich.de\/index.php?rest_route=\/wp\/v2\/posts\/2905","targetHints":{"allow":["GET"]}}],"collection":[{"href":"http:\/\/diy-ideenreich.de\/index.php?rest_route=\/wp\/v2\/posts"}],"about":[{"href":"http:\/\/diy-ideenreich.de\/index.php?rest_route=\/wp\/v2\/types\/post"}],"author":[{"embeddable":true,"href":"http:\/\/diy-ideenreich.de\/index.php?rest_route=\/wp\/v2\/users\/1"}],"replies":[{"embeddable":true,"href":"http:\/\/diy-ideenreich.de\/index.php?rest_route=%2Fwp%2Fv2%2Fcomments&post=2905"}],"version-history":[{"count":1,"href":"http:\/\/diy-ideenreich.de\/index.php?rest_route=\/wp\/v2\/posts\/2905\/revisions"}],"predecessor-version":[{"id":2909,"href":"http:\/\/diy-ideenreich.de\/index.php?rest_route=\/wp\/v2\/posts\/2905\/revisions\/2909"}],"wp:featuredmedia":[{"embeddable":true,"href":"http:\/\/diy-ideenreich.de\/index.php?rest_route=\/wp\/v2\/media\/2906"}],"wp:attachment":[{"href":"http:\/\/diy-ideenreich.de\/index.php?rest_route=%2Fwp%2Fv2%2Fmedia&parent=2905"}],"wp:term":[{"taxonomy":"category","embeddable":true,"href":"http:\/\/diy-ideenreich.de\/index.php?rest_route=%2Fwp%2Fv2%2Fcategories&post=2905"},{"taxonomy":"post_tag","embeddable":true,"href":"http:\/\/diy-ideenreich.de\/index.php?rest_route=%2Fwp%2Fv2%2Ftags&post=2905"}],"curies":[{"name":"wp","href":"https:\/\/api.w.org\/{rel}","templated":true}]}}