{"id":3147,"date":"2025-01-26T14:30:41","date_gmt":"2025-01-26T14:30:41","guid":{"rendered":"https:\/\/diy-ideenreich.de\/?p=3147"},"modified":"2025-01-26T14:31:31","modified_gmt":"2025-01-26T14:31:31","slug":"von-einer-kuehlschrankcollage-zu-einem-wohl-ziemlich-grossen-fotoalbum","status":"publish","type":"post","link":"http:\/\/diy-ideenreich.de\/?p=3147","title":{"rendered":"Von einer K\u00fchlschrankcollage zu einem wohl ziemlich gro\u00dfen Fotoalbum"},"content":{"rendered":"\n<p>Wie man Erinnerungen ganz besonders erhalten kann.<\/p>\n\n\n\n<p><\/p>\n\n\n\n<p>In diesem Beitrag geht es mal mit weniger Bildern zu, aber handelt von vielen, vielen Fotos. <\/p>\n\n\n\n<p>Es geht um eine Idee, die mir sehr ans Herz gewachsen ist und die wir bereits seit vielen Jahren jedes Jahr als unsere Tradition im Januar entwickelt haben. <\/p>\n\n\n\n<p>Viele Leute kennen es von sich oder anderen, dass sch\u00f6ne Momente im Leben nicht nur in einer digitalen Cloud ihr Dasein fristen, sondern irgendwann doch noch richtig altmodisch als echtes, nicht nur visuell, sondern auch habtisch erlebbares Foto an der K\u00fchlschrankt\u00fcr landen. <\/p>\n\n\n\n<p>Bei uns muss dann immer ganzj\u00e4hrig die gesamte K\u00fchlschrankt\u00fcr dran glauben und ist f\u00fcr all die zauberhaften Momente mit liebevollen Lieblingsmenschen reserviert. (Dies ist nat\u00fcrlich sehr pers\u00f6nlich, daher gibt es in diesem Beitrag davon keine Bilder, sondern nur die Beschreibung.)<\/p>\n\n\n\n<p>Da wir immer recht viele Fotos machen, haben wir davon nat\u00fcrlich auch nach 365 Tagen eine Menge \u00fcbrig. Im Laufe der Monate w\u00e4chst die Collage und ver\u00e4ndert sich immer mal wieder. Aber schnell war uns klar, dass wir diese Fotos nicht einfach in einer Fotokiste verstauben lassen wollen. <\/p>\n\n\n\n<p>Irgendwann kamen wir auf die Idee, ausgew\u00e4hlte Fotos auf Tonkarton zu kleben und somit ein sehr gro\u00dfformatiges Fotoalbum anzulegen. <\/p>\n\n\n\n<p>Dies ist gerade im tristen Januar immer wieder etwas, das einem an die sch\u00f6nen Zeiten erinnert und auch etwas, dass einem zeigt, was und wie viel teilweise in einem Jahr passiert ist. Am sch\u00f6nsten ist dann aber auch, wenn man die neuen Momente des Januars im Tausch der vorherigen Fotos anbringt. Das hat etwas von Aufbruch. <\/p>\n\n\n\n<p>Ich teile diese Idee mit euch, weil sie mir immer wieder Freude bereitet. Wie schon die Weihnachtskugelidee, w\u00e4chst das Projekt langsam, aber stetig. Sch\u00f6n ist es auch, die vergangenen Jahre Revue passieren zu lassen. Daher w\u00fcnsche ich jedem viel Spa\u00df beim Nachmachen! Und euch, ein frohes, gesundes neues Jahr!<\/p>\n\n\n\n<figure class=\"wp-block-image size-large\"><img loading=\"lazy\" decoding=\"async\" width=\"768\" height=\"1024\" src=\"https:\/\/diy-ideenreich.de\/wp-content\/uploads\/2025\/01\/Besonderes-Fotoalbum-gestalten-1-768x1024.jpeg\" alt=\"\" class=\"wp-image-3149\" srcset=\"http:\/\/diy-ideenreich.de\/wp-content\/uploads\/2025\/01\/Besonderes-Fotoalbum-gestalten-1-768x1024.jpeg 768w, http:\/\/diy-ideenreich.de\/wp-content\/uploads\/2025\/01\/Besonderes-Fotoalbum-gestalten-1-225x300.jpeg 225w, http:\/\/diy-ideenreich.de\/wp-content\/uploads\/2025\/01\/Besonderes-Fotoalbum-gestalten-1-1152x1536.jpeg 1152w, http:\/\/diy-ideenreich.de\/wp-content\/uploads\/2025\/01\/Besonderes-Fotoalbum-gestalten-1-1536x2048.jpeg 1536w, http:\/\/diy-ideenreich.de\/wp-content\/uploads\/2025\/01\/Besonderes-Fotoalbum-gestalten-1-scaled.jpeg 1920w\" sizes=\"auto, (max-width: 768px) 100vw, 768px\" \/><\/figure>\n","protected":false},"excerpt":{"rendered":"<p>Wie man Erinnerungen ganz besonders erhalten kann. In diesem Beitrag geht es mal mit weniger Bildern zu, aber handelt von [&hellip;]<\/p>\n","protected":false},"author":1,"featured_media":3148,"comment_status":"open","ping_status":"open","sticky":false,"template":"","format":"standard","meta":{"footnotes":""},"categories":[1,35,28,15],"tags":[336,2278,2273,2283,56,783,487,488,506,492,2276,2277,485,486,702,624,2275,175,203,2284,2272,2274,2279,2286,2280,2285,2282,2281,703,1371],"class_list":["post-3147","post","type-post","status-publish","format-standard","has-post-thumbnail","hentry","category-allgemein","category-allgemeines","category-fruehjahr-und-fruehling","category-startseiten-beitraege","tag-bastelnleichtgemacht","tag-besondere-momente-festhalten","tag-collagen","tag-creative-photo-ideas","tag-diy","tag-diy-basteln","tag-diy-deco","tag-diy-deko","tag-diy-ideas","tag-diy-ideen","tag-diy-photo","tag-diyfoto","tag-diyideas","tag-diyideen","tag-diyideenreich","tag-familia","tag-familienalbum","tag-familienzeit","tag-familytime","tag-fotocollage","tag-fotoideen","tag-grossformatige-fotoalben","tag-kreative-fotoideen","tag-memories","tag-mittel-gegen-januarblues","tag-photocollage","tag-photos","tag-schoene-momente-festhalten","tag-vicky-diy-ideenreich","tag-vickysdiyideenreich"],"_links":{"self":[{"href":"http:\/\/diy-ideenreich.de\/index.php?rest_route=\/wp\/v2\/posts\/3147","targetHints":{"allow":["GET"]}}],"collection":[{"href":"http:\/\/diy-ideenreich.de\/index.php?rest_route=\/wp\/v2\/posts"}],"about":[{"href":"http:\/\/diy-ideenreich.de\/index.php?rest_route=\/wp\/v2\/types\/post"}],"author":[{"embeddable":true,"href":"http:\/\/diy-ideenreich.de\/index.php?rest_route=\/wp\/v2\/users\/1"}],"replies":[{"embeddable":true,"href":"http:\/\/diy-ideenreich.de\/index.php?rest_route=%2Fwp%2Fv2%2Fcomments&post=3147"}],"version-history":[{"count":2,"href":"http:\/\/diy-ideenreich.de\/index.php?rest_route=\/wp\/v2\/posts\/3147\/revisions"}],"predecessor-version":[{"id":3151,"href":"http:\/\/diy-ideenreich.de\/index.php?rest_route=\/wp\/v2\/posts\/3147\/revisions\/3151"}],"wp:featuredmedia":[{"embeddable":true,"href":"http:\/\/diy-ideenreich.de\/index.php?rest_route=\/wp\/v2\/media\/3148"}],"wp:attachment":[{"href":"http:\/\/diy-ideenreich.de\/index.php?rest_route=%2Fwp%2Fv2%2Fmedia&parent=3147"}],"wp:term":[{"taxonomy":"category","embeddable":true,"href":"http:\/\/diy-ideenreich.de\/index.php?rest_route=%2Fwp%2Fv2%2Fcategories&post=3147"},{"taxonomy":"post_tag","embeddable":true,"href":"http:\/\/diy-ideenreich.de\/index.php?rest_route=%2Fwp%2Fv2%2Ftags&post=3147"}],"curies":[{"name":"wp","href":"https:\/\/api.w.org\/{rel}","templated":true}]}}