{"id":346,"date":"2020-11-11T16:48:14","date_gmt":"2020-11-11T15:48:14","guid":{"rendered":"http:\/\/www.diy-ideenreich.de\/?p=346"},"modified":"2021-04-18T10:11:20","modified_gmt":"2021-04-18T08:11:20","slug":"herbstgirlande","status":"publish","type":"post","link":"http:\/\/diy-ideenreich.de\/?p=346","title":{"rendered":"Herbstgirlande"},"content":{"rendered":"\n<figure class=\"wp-block-image size-large\"><img loading=\"lazy\" decoding=\"async\" width=\"768\" height=\"1024\" src=\"http:\/\/www.diy-ideenreich.de\/wp-content\/uploads\/2020\/11\/Herbstgirlande-1-768x1024.jpg\" alt=\"\" class=\"wp-image-335\" srcset=\"http:\/\/diy-ideenreich.de\/wp-content\/uploads\/2020\/11\/Herbstgirlande-1-768x1024.jpg 768w, http:\/\/diy-ideenreich.de\/wp-content\/uploads\/2020\/11\/Herbstgirlande-1-225x300.jpg 225w, http:\/\/diy-ideenreich.de\/wp-content\/uploads\/2020\/11\/Herbstgirlande-1-1152x1536.jpg 1152w, http:\/\/diy-ideenreich.de\/wp-content\/uploads\/2020\/11\/Herbstgirlande-1.jpg 1536w\" sizes=\"auto, (max-width: 768px) 100vw, 768px\" \/><\/figure>\n\n\n\n<p>Material:<\/p>\n\n\n\n<p>Paketband<\/p>\n\n\n\n<p>Holzperlen<\/p>\n\n\n\n<p>Stifte<\/p>\n\n\n\n<p>Locher<\/p>\n\n\n\n<p>Tonkarton in herbstlichen Farben<\/p>\n\n\n\n<p>Zun\u00e4chst habe ich die unterschiedlichen Bl\u00e4tter, \u00c4pfel und Pilze aufgemalt und zugeschnitten (auch hier gilt, bei \u00e4lteren Kindern, k\u00f6nnen diese dies nat\u00fcrlich selbst). Danach haben meine beiden Kleinen die Bl\u00e4tter und \u00c4pfel mit Stiften bemalt und gestaltet. Mithilfe eines Lochers habe ich dann je nach Blattform ein oder zwei L\u00f6cher in die Bl\u00e4tter gestanzt. Hierdurch f\u00fchrt man dann das Band und kann dann je nach Geschmack die Perlen auff\u00e4deln.<\/p>\n\n\n\n<p>In dem Bild sieht man noch ein Windlicht. Dies hatten wir damals in der Krabbelgruppe gestaltet mit echten, zuvor gesammelt und getrockneten Bl\u00e4ttern, die dann wie bei der Serviettentechnik auf das Glas aufgebracht werden. Die Schleife ist aus Bast.<\/p>\n","protected":false},"excerpt":{"rendered":"<p>Material: Paketband Holzperlen Stifte Locher Tonkarton in herbstlichen Farben Zun\u00e4chst habe ich die unterschiedlichen Bl\u00e4tter, \u00c4pfel und Pilze aufgemalt und [&hellip;]<\/p>\n","protected":false},"author":1,"featured_media":335,"comment_status":"open","ping_status":"open","sticky":false,"template":"","format":"standard","meta":{"footnotes":""},"categories":[1,37,21],"tags":[342,17,336,56,487,489,488,490,485,486,484,23,204,16,455,491,310],"class_list":["post-346","post","type-post","status-publish","format-standard","has-post-thumbnail","hentry","category-allgemein","category-basteln-mit-kindern","category-herbst","tag-basteln-macht-gluecklich","tag-basteln-mit-kindern","tag-bastelnleichtgemacht","tag-diy","tag-diy-deco","tag-diy-decoration","tag-diy-deko","tag-diy-dekoration","tag-diyideas","tag-diyideen","tag-fall","tag-girlanden","tag-handcraftwithkids","tag-herbst","tag-papercrafting","tag-papercraftwithkids","tag-papercraftwithlove"],"_links":{"self":[{"href":"http:\/\/diy-ideenreich.de\/index.php?rest_route=\/wp\/v2\/posts\/346","targetHints":{"allow":["GET"]}}],"collection":[{"href":"http:\/\/diy-ideenreich.de\/index.php?rest_route=\/wp\/v2\/posts"}],"about":[{"href":"http:\/\/diy-ideenreich.de\/index.php?rest_route=\/wp\/v2\/types\/post"}],"author":[{"embeddable":true,"href":"http:\/\/diy-ideenreich.de\/index.php?rest_route=\/wp\/v2\/users\/1"}],"replies":[{"embeddable":true,"href":"http:\/\/diy-ideenreich.de\/index.php?rest_route=%2Fwp%2Fv2%2Fcomments&post=346"}],"version-history":[{"count":2,"href":"http:\/\/diy-ideenreich.de\/index.php?rest_route=\/wp\/v2\/posts\/346\/revisions"}],"predecessor-version":[{"id":348,"href":"http:\/\/diy-ideenreich.de\/index.php?rest_route=\/wp\/v2\/posts\/346\/revisions\/348"}],"wp:featuredmedia":[{"embeddable":true,"href":"http:\/\/diy-ideenreich.de\/index.php?rest_route=\/wp\/v2\/media\/335"}],"wp:attachment":[{"href":"http:\/\/diy-ideenreich.de\/index.php?rest_route=%2Fwp%2Fv2%2Fmedia&parent=346"}],"wp:term":[{"taxonomy":"category","embeddable":true,"href":"http:\/\/diy-ideenreich.de\/index.php?rest_route=%2Fwp%2Fv2%2Fcategories&post=346"},{"taxonomy":"post_tag","embeddable":true,"href":"http:\/\/diy-ideenreich.de\/index.php?rest_route=%2Fwp%2Fv2%2Ftags&post=346"}],"curies":[{"name":"wp","href":"https:\/\/api.w.org\/{rel}","templated":true}]}}