{"id":421,"date":"2020-11-15T16:58:30","date_gmt":"2020-11-15T15:58:30","guid":{"rendered":"http:\/\/www.diy-ideenreich.de\/?p=421"},"modified":"2022-04-03T11:43:24","modified_gmt":"2022-04-03T09:43:24","slug":"herbstfensterbilder","status":"publish","type":"post","link":"http:\/\/diy-ideenreich.de\/?p=421","title":{"rendered":"Herbstfensterbilder"},"content":{"rendered":"\n<p>Jugendstil K\u00fcrbisse<\/p>\n\n\n\n<p><\/p>\n\n\n\n<p>Hier trifft sich meine Bastelleidenschaft und meine Vorliebe f\u00fcr Jugendstil. Ich hatte Lust etwas im Stil Muchas oder anderer K\u00fcnstler aus der Zeit zu zeichnen. Da gerade Herbst war, kam mir die Idee mit dem Scherenschnitt.<\/p>\n\n\n\n<figure class=\"wp-block-image size-large\"><img loading=\"lazy\" decoding=\"async\" width=\"1024\" height=\"768\" src=\"http:\/\/www.diy-ideenreich.de\/wp-content\/uploads\/2020\/11\/Ku\u0308rbisfensterbild-2-1024x768.jpg\" alt=\"\" class=\"wp-image-425\" srcset=\"http:\/\/diy-ideenreich.de\/wp-content\/uploads\/2020\/11\/Ku\u0308rbisfensterbild-2-1024x768.jpg 1024w, http:\/\/diy-ideenreich.de\/wp-content\/uploads\/2020\/11\/Ku\u0308rbisfensterbild-2-300x225.jpg 300w, http:\/\/diy-ideenreich.de\/wp-content\/uploads\/2020\/11\/Ku\u0308rbisfensterbild-2-768x576.jpg 768w, http:\/\/diy-ideenreich.de\/wp-content\/uploads\/2020\/11\/Ku\u0308rbisfensterbild-2-1536x1152.jpg 1536w, http:\/\/diy-ideenreich.de\/wp-content\/uploads\/2020\/11\/Ku\u0308rbisfensterbild-2-360x270.jpg 360w, http:\/\/diy-ideenreich.de\/wp-content\/uploads\/2020\/11\/Ku\u0308rbisfensterbild-2.jpg 2048w\" sizes=\"auto, (max-width: 1024px) 100vw, 1024px\" \/><\/figure>\n\n\n\n<p><\/p>\n\n\n\n<p>Material<\/p>\n\n\n\n<p>Tonkarton<\/p>\n\n\n\n<p>Schere<\/p>\n\n\n\n<p>Cutter<\/p>\n\n\n\n<p>Bleistift<\/p>\n\n\n\n<p>Schleifenband<\/p>\n\n\n\n<p>Tacker<\/p>\n\n\n\n<p>Wehende Haare, Pflanzenranken, flie\u00dfende, organische \u00dcberg\u00e4nge: Zun\u00e4chst nahm ich die Form von K\u00fcrbissen. Dann muss man sich Gedanken machen, wie der Scherenschnitt auch \u201estehenbleibt\u201c, wenn man das Fensterbild sp\u00e4ter aufh\u00e4ngt. Damit meine ich, dass man nicht zu viel herausschneiden kann oder sollte, wenn man es an das Fenster h\u00e4ngen will. Danach lie\u00df ich mich von Bildern aus der Jugendstilepoche inspirieren und habe einfach drauflosgezeichnet. Dabei ist es wichtig sich immer zu \u00fcberlegen, was ausgeschnitten wird und was nicht. Die Fl\u00e4chen, die ich ausschneiden wollte, habe ich immer schraffiert, damit ich einen besseren \u00dcberblick hatte. Beim Ausschneiden variierte ich mit Schere und Cutter. Danach kann man den Scherenschnitt mit Schleifenb\u00e4ndern nicht nur gut aufh\u00e4ngen, sondern noch verzieren.<\/p>\n\n\n\n<p><\/p>\n\n\n\n<figure class=\"wp-block-image size-large\"><img loading=\"lazy\" decoding=\"async\" width=\"410\" height=\"1024\" src=\"http:\/\/www.diy-ideenreich.de\/wp-content\/uploads\/2020\/11\/Butternutfensterbild-410x1024.jpg\" alt=\"\" class=\"wp-image-426\" srcset=\"http:\/\/diy-ideenreich.de\/wp-content\/uploads\/2020\/11\/Butternutfensterbild-410x1024.jpg 410w, http:\/\/diy-ideenreich.de\/wp-content\/uploads\/2020\/11\/Butternutfensterbild-120x300.jpg 120w, http:\/\/diy-ideenreich.de\/wp-content\/uploads\/2020\/11\/Butternutfensterbild-768x1918.jpg 768w, http:\/\/diy-ideenreich.de\/wp-content\/uploads\/2020\/11\/Butternutfensterbild-615x1536.jpg 615w, http:\/\/diy-ideenreich.de\/wp-content\/uploads\/2020\/11\/Butternutfensterbild.jpg 820w\" sizes=\"auto, (max-width: 410px) 100vw, 410px\" \/><\/figure>\n","protected":false},"excerpt":{"rendered":"<p>Jugendstil K\u00fcrbisse Hier trifft sich meine Bastelleidenschaft und meine Vorliebe f\u00fcr Jugendstil. Ich hatte Lust etwas im Stil Muchas oder [&hellip;]<\/p>\n","protected":false},"author":1,"featured_media":424,"comment_status":"open","ping_status":"open","sticky":false,"template":"","format":"standard","meta":{"footnotes":""},"categories":[1,1280,21,31],"tags":[543,56,487,489,488,490,544,506,492,545,484,66,546,547,64,65,348],"class_list":["post-421","post","type-post","status-publish","format-standard","has-post-thumbnail","hentry","category-allgemein","category-fensterbilder","category-herbst","category-pappeterie","tag-art-nouveau","tag-diy","tag-diy-deco","tag-diy-decoration","tag-diy-deko","tag-diy-dekoration","tag-diy-fensterbilder","tag-diy-ideas","tag-diy-ideen","tag-diy-image","tag-fall","tag-herbstfensterbild","tag-imagem-da-janela","tag-imagen-de-la-ventana","tag-jugendstil","tag-kuerbisfensterbild","tag-window-image"],"_links":{"self":[{"href":"http:\/\/diy-ideenreich.de\/index.php?rest_route=\/wp\/v2\/posts\/421","targetHints":{"allow":["GET"]}}],"collection":[{"href":"http:\/\/diy-ideenreich.de\/index.php?rest_route=\/wp\/v2\/posts"}],"about":[{"href":"http:\/\/diy-ideenreich.de\/index.php?rest_route=\/wp\/v2\/types\/post"}],"author":[{"embeddable":true,"href":"http:\/\/diy-ideenreich.de\/index.php?rest_route=\/wp\/v2\/users\/1"}],"replies":[{"embeddable":true,"href":"http:\/\/diy-ideenreich.de\/index.php?rest_route=%2Fwp%2Fv2%2Fcomments&post=421"}],"version-history":[{"count":2,"href":"http:\/\/diy-ideenreich.de\/index.php?rest_route=\/wp\/v2\/posts\/421\/revisions"}],"predecessor-version":[{"id":427,"href":"http:\/\/diy-ideenreich.de\/index.php?rest_route=\/wp\/v2\/posts\/421\/revisions\/427"}],"wp:featuredmedia":[{"embeddable":true,"href":"http:\/\/diy-ideenreich.de\/index.php?rest_route=\/wp\/v2\/media\/424"}],"wp:attachment":[{"href":"http:\/\/diy-ideenreich.de\/index.php?rest_route=%2Fwp%2Fv2%2Fmedia&parent=421"}],"wp:term":[{"taxonomy":"category","embeddable":true,"href":"http:\/\/diy-ideenreich.de\/index.php?rest_route=%2Fwp%2Fv2%2Fcategories&post=421"},{"taxonomy":"post_tag","embeddable":true,"href":"http:\/\/diy-ideenreich.de\/index.php?rest_route=%2Fwp%2Fv2%2Ftags&post=421"}],"curies":[{"name":"wp","href":"https:\/\/api.w.org\/{rel}","templated":true}]}}