{"id":434,"date":"2020-11-15T17:05:17","date_gmt":"2020-11-15T16:05:17","guid":{"rendered":"http:\/\/www.diy-ideenreich.de\/?p=434"},"modified":"2022-04-03T11:38:59","modified_gmt":"2022-04-03T09:38:59","slug":"drachen-im-baum","status":"publish","type":"post","link":"http:\/\/diy-ideenreich.de\/?p=434","title":{"rendered":"Drachen im Baum"},"content":{"rendered":"\n<p>Der Drache im Baum, eingerahmt von einem Drachen, so oder so \u00e4hnlich hatte sich der Gedanke f\u00fcr dieses Fensterbild entwickelt. Ich wollte unbedingt einen Baum zeichnen und ausschneiden, der in einem Drachen war und nach und nach entstand bei dem Herbstbild die Idee, dass sich dann noch ein Drache selbst im Baum verheddert hatte.<\/p>\n\n\n\n<p>Material<\/p>\n\n\n\n<p>Tonkarton<\/p>\n\n\n\n<p>Schere<\/p>\n\n\n\n<p>Cutter<\/p>\n\n\n\n<p>Bleistift<\/p>\n\n\n\n<p>Schleifenband<\/p>\n\n\n\n<p>Tacker<\/p>\n\n\n\n<p>W\u00e4hrend des Zeichnens ist es wichtig sich immer zu \u00fcberlegen, was ausgeschnitten wird und was nicht. Die Fl\u00e4chen, die ich ausschneiden wollte, habe ich immer schraffiert, damit ich einen besseren \u00dcberblick hatte. Beim Ausschneiden variierte ich mit Schere und Cutter. Danach kann man den Scherenschnitt mit Schleifenb\u00e4ndern aufh\u00fcbschen, aufh\u00e4ngen und vor allem bei dem Drachen auch noch weitere Schleifen am Schweif befestigen.<\/p>\n\n\n\n<p><\/p>\n\n\n\n<figure class=\"wp-block-image size-large\"><img loading=\"lazy\" decoding=\"async\" width=\"440\" height=\"1024\" src=\"http:\/\/www.diy-ideenreich.de\/wp-content\/uploads\/2020\/11\/IMG_0435-440x1024.jpg\" alt=\"\" class=\"wp-image-436\" srcset=\"http:\/\/diy-ideenreich.de\/wp-content\/uploads\/2020\/11\/IMG_0435-440x1024.jpg 440w, http:\/\/diy-ideenreich.de\/wp-content\/uploads\/2020\/11\/IMG_0435-129x300.jpg 129w, http:\/\/diy-ideenreich.de\/wp-content\/uploads\/2020\/11\/IMG_0435-768x1787.jpg 768w, http:\/\/diy-ideenreich.de\/wp-content\/uploads\/2020\/11\/IMG_0435-660x1536.jpg 660w, http:\/\/diy-ideenreich.de\/wp-content\/uploads\/2020\/11\/IMG_0435.jpg 880w\" sizes=\"auto, (max-width: 440px) 100vw, 440px\" \/><\/figure>\n","protected":false},"excerpt":{"rendered":"<p>Der Drache im Baum, eingerahmt von einem Drachen, so oder so \u00e4hnlich hatte sich der Gedanke f\u00fcr dieses Fensterbild entwickelt. [&hellip;]<\/p>\n","protected":false},"author":1,"featured_media":437,"comment_status":"open","ping_status":"open","sticky":false,"template":"","format":"standard","meta":{"footnotes":""},"categories":[1,1280,21,31],"tags":[56,487,488,544,506,492,548,553,552,484,69,546,547,292,310,554,348],"class_list":["post-434","post","type-post","status-publish","format-standard","has-post-thumbnail","hentry","category-allgemein","category-fensterbilder","category-herbst","category-pappeterie","tag-diy","tag-diy-deco","tag-diy-deko","tag-diy-fensterbilder","tag-diy-ideas","tag-diy-ideen","tag-diy-papercraft","tag-drache-im-baum","tag-drachensteigen","tag-fall","tag-fensterbilder","tag-imagem-da-janela","tag-imagen-de-la-ventana","tag-papercraft","tag-papercraftwithlove","tag-papierdrache","tag-window-image"],"_links":{"self":[{"href":"http:\/\/diy-ideenreich.de\/index.php?rest_route=\/wp\/v2\/posts\/434","targetHints":{"allow":["GET"]}}],"collection":[{"href":"http:\/\/diy-ideenreich.de\/index.php?rest_route=\/wp\/v2\/posts"}],"about":[{"href":"http:\/\/diy-ideenreich.de\/index.php?rest_route=\/wp\/v2\/types\/post"}],"author":[{"embeddable":true,"href":"http:\/\/diy-ideenreich.de\/index.php?rest_route=\/wp\/v2\/users\/1"}],"replies":[{"embeddable":true,"href":"http:\/\/diy-ideenreich.de\/index.php?rest_route=%2Fwp%2Fv2%2Fcomments&post=434"}],"version-history":[{"count":2,"href":"http:\/\/diy-ideenreich.de\/index.php?rest_route=\/wp\/v2\/posts\/434\/revisions"}],"predecessor-version":[{"id":438,"href":"http:\/\/diy-ideenreich.de\/index.php?rest_route=\/wp\/v2\/posts\/434\/revisions\/438"}],"wp:featuredmedia":[{"embeddable":true,"href":"http:\/\/diy-ideenreich.de\/index.php?rest_route=\/wp\/v2\/media\/437"}],"wp:attachment":[{"href":"http:\/\/diy-ideenreich.de\/index.php?rest_route=%2Fwp%2Fv2%2Fmedia&parent=434"}],"wp:term":[{"taxonomy":"category","embeddable":true,"href":"http:\/\/diy-ideenreich.de\/index.php?rest_route=%2Fwp%2Fv2%2Fcategories&post=434"},{"taxonomy":"post_tag","embeddable":true,"href":"http:\/\/diy-ideenreich.de\/index.php?rest_route=%2Fwp%2Fv2%2Ftags&post=434"}],"curies":[{"name":"wp","href":"https:\/\/api.w.org\/{rel}","templated":true}]}}