{"id":683,"date":"2020-11-25T12:42:41","date_gmt":"2020-11-25T11:42:41","guid":{"rendered":"http:\/\/www.diy-ideenreich.de\/?p=683"},"modified":"2022-04-03T11:39:33","modified_gmt":"2022-04-03T09:39:33","slug":"tannenbaum-aus-paketkarton","status":"publish","type":"post","link":"http:\/\/diy-ideenreich.de\/?p=683","title":{"rendered":"Tannenbaum aus Paketkarton"},"content":{"rendered":"\n<p>Mangels St\u00f6cken (und dabei leben wir von W\u00e4ldern umzingelt), kam ich auf die Idee unsere Pakete mal etwas anders zu nutzen. \u201eWarum auch immer, man zu Weihnachten immer so viele Pakete hat\u201c\u2026hust, man kann sie auch wunderbar nutzen. Vor allem wenn man SOFORT eine Idee umsetzen will.<\/p>\n\n\n\n<p>Das Wetter war schlecht, es war auch schon abends, also keine Zeit mehr St\u00f6ckchen zu suchen und so kam die Idee\u2026<\/p>\n\n\n\n<p>Material:<\/p>\n\n\n\n<p>Paketkarton<\/p>\n\n\n\n<p>Jede Menge Schnur<\/p>\n\n\n\n<p>Draht<\/p>\n\n\n\n<p>Kleine W\u00e4scheklammern<\/p>\n\n\n\n<p>Anh\u00e4nger<\/p>\n\n\n\n<p>In verschiedenen L\u00e4ngen Rechtecke aus den Paketen schneiden (hierf\u00fcr dienen praktischerweise alle Seiten des Pakets). Diese Rechtecke rollt man dann ganz eng zusammen zu kleinen Rollen. <\/p>\n\n\n\n<p><\/p>\n\n\n\n<figure class=\"wp-block-image size-large is-resized\"><img loading=\"lazy\" decoding=\"async\" src=\"http:\/\/www.diy-ideenreich.de\/wp-content\/uploads\/2020\/11\/DSC_1144-1024x602.jpg\" alt=\"\" class=\"wp-image-686\" width=\"340\" height=\"200\" srcset=\"http:\/\/diy-ideenreich.de\/wp-content\/uploads\/2020\/11\/DSC_1144-1024x602.jpg 1024w, http:\/\/diy-ideenreich.de\/wp-content\/uploads\/2020\/11\/DSC_1144-300x176.jpg 300w, http:\/\/diy-ideenreich.de\/wp-content\/uploads\/2020\/11\/DSC_1144-768x451.jpg 768w, http:\/\/diy-ideenreich.de\/wp-content\/uploads\/2020\/11\/DSC_1144-1536x902.jpg 1536w, http:\/\/diy-ideenreich.de\/wp-content\/uploads\/2020\/11\/DSC_1144.jpg 2048w\" sizes=\"auto, (max-width: 340px) 100vw, 340px\" \/><\/figure>\n\n\n\n<p>Diese fixiert man danach mit Hilfe einer Schnur. Diesen Vorgang wiederholt man solange, bis man gen\u00fcgend Etagen des Weihnachtsbaums hat, die einem gefallen.<\/p>\n\n\n\n<p>Danach kann man die verschiedenen Aufh\u00e4nger mit Draht, W\u00e4scheklammern oder Schnur aufh\u00e4ngen. Fertig ist der Paketbaum.<\/p>\n\n\n\n<p><\/p>\n\n\n\n<figure class=\"wp-block-image size-large is-resized\"><img loading=\"lazy\" decoding=\"async\" src=\"http:\/\/www.diy-ideenreich.de\/wp-content\/uploads\/2020\/11\/Weihnachtsbaum-aus-Pappe-1-700x1024.jpg\" alt=\"\" class=\"wp-image-687\" width=\"245\" height=\"358\" srcset=\"http:\/\/diy-ideenreich.de\/wp-content\/uploads\/2020\/11\/Weihnachtsbaum-aus-Pappe-1-700x1024.jpg 700w, http:\/\/diy-ideenreich.de\/wp-content\/uploads\/2020\/11\/Weihnachtsbaum-aus-Pappe-1-205x300.jpg 205w, http:\/\/diy-ideenreich.de\/wp-content\/uploads\/2020\/11\/Weihnachtsbaum-aus-Pappe-1-768x1124.jpg 768w, http:\/\/diy-ideenreich.de\/wp-content\/uploads\/2020\/11\/Weihnachtsbaum-aus-Pappe-1-1049x1536.jpg 1049w, http:\/\/diy-ideenreich.de\/wp-content\/uploads\/2020\/11\/Weihnachtsbaum-aus-Pappe-1.jpg 1399w\" sizes=\"auto, (max-width: 245px) 100vw, 245px\" \/><\/figure>\n\n\n\n<p><\/p>\n","protected":false},"excerpt":{"rendered":"<p>Mangels St\u00f6cken (und dabei leben wir von W\u00e4ldern umzingelt), kam ich auf die Idee unsere Pakete mal etwas anders zu [&hellip;]<\/p>\n","protected":false},"author":1,"featured_media":688,"comment_status":"open","ping_status":"open","sticky":false,"template":"","format":"standard","meta":{"footnotes":""},"categories":[1,1280,39,22],"tags":[110,628,633,487,488,544,506,492,629,111,662,247,198,112,114,109],"class_list":["post-683","post","type-post","status-publish","format-standard","has-post-thumbnail","hentry","category-allgemein","category-fensterbilder","category-upcyling-recyling","category-weihnachten","tag-adventsdekoration","tag-diy-christmas-ideas","tag-diy-christmasdecoration","tag-diy-deco","tag-diy-deko","tag-diy-fensterbilder","tag-diy-ideas","tag-diy-ideen","tag-diy-weihnachtsideen","tag-fensterdekoration","tag-knutseln","tag-recycling-ideas","tag-recyclingideen","tag-tuerdekoration","tag-weihnachtliches-fensterbild","tag-weihnachtsdekoration"],"_links":{"self":[{"href":"http:\/\/diy-ideenreich.de\/index.php?rest_route=\/wp\/v2\/posts\/683","targetHints":{"allow":["GET"]}}],"collection":[{"href":"http:\/\/diy-ideenreich.de\/index.php?rest_route=\/wp\/v2\/posts"}],"about":[{"href":"http:\/\/diy-ideenreich.de\/index.php?rest_route=\/wp\/v2\/types\/post"}],"author":[{"embeddable":true,"href":"http:\/\/diy-ideenreich.de\/index.php?rest_route=\/wp\/v2\/users\/1"}],"replies":[{"embeddable":true,"href":"http:\/\/diy-ideenreich.de\/index.php?rest_route=%2Fwp%2Fv2%2Fcomments&post=683"}],"version-history":[{"count":2,"href":"http:\/\/diy-ideenreich.de\/index.php?rest_route=\/wp\/v2\/posts\/683\/revisions"}],"predecessor-version":[{"id":689,"href":"http:\/\/diy-ideenreich.de\/index.php?rest_route=\/wp\/v2\/posts\/683\/revisions\/689"}],"wp:featuredmedia":[{"embeddable":true,"href":"http:\/\/diy-ideenreich.de\/index.php?rest_route=\/wp\/v2\/media\/688"}],"wp:attachment":[{"href":"http:\/\/diy-ideenreich.de\/index.php?rest_route=%2Fwp%2Fv2%2Fmedia&parent=683"}],"wp:term":[{"taxonomy":"category","embeddable":true,"href":"http:\/\/diy-ideenreich.de\/index.php?rest_route=%2Fwp%2Fv2%2Fcategories&post=683"},{"taxonomy":"post_tag","embeddable":true,"href":"http:\/\/diy-ideenreich.de\/index.php?rest_route=%2Fwp%2Fv2%2Ftags&post=683"}],"curies":[{"name":"wp","href":"https:\/\/api.w.org\/{rel}","templated":true}]}}