{"id":690,"date":"2020-11-25T12:59:57","date_gmt":"2020-11-25T11:59:57","guid":{"rendered":"http:\/\/www.diy-ideenreich.de\/?p=690"},"modified":"2022-04-03T11:38:32","modified_gmt":"2022-04-03T09:38:32","slug":"kindersicherer-adventskranz","status":"publish","type":"post","link":"http:\/\/diy-ideenreich.de\/?p=690","title":{"rendered":"Kindersicherer Adventskranz"},"content":{"rendered":"\n<p>Ungef\u00e4hrliche Flammen, die sogar von Kindern entz\u00fcndet werden k\u00f6nnen, das klingt doch verf\u00fchrerisch. Zudem hat man automatisch ein schickes Fensterbild. Von diesem Projekt habe ich aber keine einzelnen Bilder, da ich dies vor der Entstehung des Blogs gebastelt habe. Ich kann also nur versuchen, es bestm\u00f6glich zu beschreiben.<\/p>\n\n\n\n<p>Material:<\/p>\n\n\n\n<p>Karton, z.B. von Paketen<\/p>\n\n\n\n<p>Schnur (zum Aufh\u00e4ngen)<\/p>\n\n\n\n<p>Saugnapf<\/p>\n\n\n\n<p>Tonkarton<\/p>\n\n\n\n<p>Tacker<\/p>\n\n\n\n<p>Klebe<\/p>\n\n\n\n<p>Kleine W\u00e4scheklammern<\/p>\n\n\n\n<p>Geschenkpapier<\/p>\n\n\n\n<p>Buchseiten (von Tr\u00f6delb\u00fcchern)<\/p>\n\n\n\n<figure class=\"wp-block-image size-large is-resized\"><img loading=\"lazy\" decoding=\"async\" src=\"http:\/\/www.diy-ideenreich.de\/wp-content\/uploads\/2020\/11\/IMG_8016-1024x743.jpg\" alt=\"\" class=\"wp-image-692\" width=\"285\" height=\"206\" srcset=\"http:\/\/diy-ideenreich.de\/wp-content\/uploads\/2020\/11\/IMG_8016-1024x743.jpg 1024w, http:\/\/diy-ideenreich.de\/wp-content\/uploads\/2020\/11\/IMG_8016-300x218.jpg 300w, http:\/\/diy-ideenreich.de\/wp-content\/uploads\/2020\/11\/IMG_8016-768x557.jpg 768w, http:\/\/diy-ideenreich.de\/wp-content\/uploads\/2020\/11\/IMG_8016-1536x1114.jpg 1536w, http:\/\/diy-ideenreich.de\/wp-content\/uploads\/2020\/11\/IMG_8016.jpg 2048w\" sizes=\"auto, (max-width: 285px) 100vw, 285px\" \/><\/figure>\n\n\n\n<p><\/p>\n\n\n\n<p>Aus einem sch\u00f6n festen Karton eines Pakets, schneide ein Rechteck aus, in der ungef\u00e4hren Gr\u00f6\u00dfe, die dein Adventskranz haben soll. Dann befestige durch ein Loch, was du jeweils an beiden Seiten machst, die Schnur. Ich habe hier eher eine rustikale Schnur verwendet, nat\u00fcrlich geht auch ein sch\u00f6nes Schleifenband.<\/p>\n\n\n\n<p>Danach habe ich die Kerzen zugeschnitten. Allerdings hatte ich nur Rechtecke ausgeschnitten und den Docht vergessen. Daher habe ich diesen mit einem Tacker befestigt, nicht mit Klebe, wegen der besseren Stabilit\u00e4t. Denn die Flammen werden daran angebracht und auch das Gewicht der Klammer wirkt ja auf den Docht.<\/p>\n\n\n\n<p>Hier kann man nat\u00fcrlich kreativ mit den Kerzen umgehen: z.B. k\u00f6nnte man diese bereits unterschiedlich hoch (also abgebrannt) darstellen. Bei mir sind sie dieses Mal alle gleich gro\u00df.<\/p>\n\n\n\n<p>Die Kerzen habe ich dann aufgeklebt und angetackert (doppelt h\u00e4lt bekanntlich besser). <\/p>\n\n\n\n<figure class=\"wp-block-image size-large is-resized\"><img loading=\"lazy\" decoding=\"async\" src=\"http:\/\/www.diy-ideenreich.de\/wp-content\/uploads\/2020\/11\/DSC_1129-1024x700.jpg\" alt=\"\" class=\"wp-image-695\" width=\"259\" height=\"177\" srcset=\"http:\/\/diy-ideenreich.de\/wp-content\/uploads\/2020\/11\/DSC_1129-1024x700.jpg 1024w, http:\/\/diy-ideenreich.de\/wp-content\/uploads\/2020\/11\/DSC_1129-300x205.jpg 300w, http:\/\/diy-ideenreich.de\/wp-content\/uploads\/2020\/11\/DSC_1129-768x525.jpg 768w, http:\/\/diy-ideenreich.de\/wp-content\/uploads\/2020\/11\/DSC_1129-1536x1050.jpg 1536w, http:\/\/diy-ideenreich.de\/wp-content\/uploads\/2020\/11\/DSC_1129.jpg 2048w\" sizes=\"auto, (max-width: 259px) 100vw, 259px\" \/><\/figure>\n\n\n\n<p><\/p>\n\n\n\n<p>Daraufhin habe ich die \u00c4ste der Tanne ausgeschnitten. Hierf\u00fcr habe ich zun\u00e4chst unterschiedliche Formen gew\u00e4hlt. Mal einfach lang und vorne spitz. Mal mit ein oder zwei seitlichen \u00c4sten. Daraufhin habe ich die \u00c4ste seitlich immer etwas eingeschnitten bis zur Mitte, damit der Effekt eines Nadelbaums entsteht. Dieser Schritt war erstaunlich meditativ. F\u00fcr den Kranz habe ich zwei unterschiedliche Gr\u00fcnt\u00f6ne gew\u00e4hlt und diese dann auf beide Seiten des Kranzes angeklebt (die Seite nach drau\u00dfen und zum Raum).<\/p>\n\n\n\n<p>Danach kann man seinen Kranz wunderbar dekorieren: mit Kugeln oder wie hier auch mit Schneeflocken. Die Schneeflocken sind aus Geschenkpapier und Buchseiten, das gibt dem Kranz noch einmal den extra Chic ohne zu \u00fcberfrachten.<\/p>\n\n\n\n<p><\/p>\n\n\n\n<figure class=\"wp-block-image size-large is-resized\"><img loading=\"lazy\" decoding=\"async\" src=\"http:\/\/www.diy-ideenreich.de\/wp-content\/uploads\/2020\/11\/IMG_7921-1024x409.jpg\" alt=\"\" class=\"wp-image-694\" width=\"263\" height=\"105\" srcset=\"http:\/\/diy-ideenreich.de\/wp-content\/uploads\/2020\/11\/IMG_7921-1024x409.jpg 1024w, http:\/\/diy-ideenreich.de\/wp-content\/uploads\/2020\/11\/IMG_7921-300x120.jpg 300w, http:\/\/diy-ideenreich.de\/wp-content\/uploads\/2020\/11\/IMG_7921-768x306.jpg 768w, http:\/\/diy-ideenreich.de\/wp-content\/uploads\/2020\/11\/IMG_7921-1536x613.jpg 1536w, http:\/\/diy-ideenreich.de\/wp-content\/uploads\/2020\/11\/IMG_7921.jpg 2048w\" sizes=\"auto, (max-width: 263px) 100vw, 263px\" \/><\/figure>\n\n\n\n<p>F\u00fcr die Flammen haben ich diese ausgeschnitten und mit Kleber an den W\u00e4scheklammern befestigt.<\/p>\n\n\n\n<figure class=\"wp-block-image size-large is-resized\"><img loading=\"lazy\" decoding=\"async\" src=\"http:\/\/www.diy-ideenreich.de\/wp-content\/uploads\/2020\/11\/IMG_0612-670x1024.jpg\" alt=\"\" class=\"wp-image-697\" width=\"334\" height=\"510\" srcset=\"http:\/\/diy-ideenreich.de\/wp-content\/uploads\/2020\/11\/IMG_0612-670x1024.jpg 670w, http:\/\/diy-ideenreich.de\/wp-content\/uploads\/2020\/11\/IMG_0612-196x300.jpg 196w, http:\/\/diy-ideenreich.de\/wp-content\/uploads\/2020\/11\/IMG_0612-768x1174.jpg 768w, http:\/\/diy-ideenreich.de\/wp-content\/uploads\/2020\/11\/IMG_0612-1005x1536.jpg 1005w, http:\/\/diy-ideenreich.de\/wp-content\/uploads\/2020\/11\/IMG_0612.jpg 1340w\" sizes=\"auto, (max-width: 334px) 100vw, 334px\" \/><\/figure>\n\n\n\n<p><\/p>\n\n\n\n<p>Ein Adventskranz f\u00fcr das  Fenster oder auch f\u00fcr die Haust\u00fcr (von innen nat\u00fcrlich). <\/p>\n\n\n\n<figure class=\"wp-block-image size-large is-resized\"><img loading=\"lazy\" decoding=\"async\" src=\"http:\/\/www.diy-ideenreich.de\/wp-content\/uploads\/2020\/11\/IMG_8255-1024x979.jpg\" alt=\"\" class=\"wp-image-691\" width=\"365\" height=\"349\" srcset=\"http:\/\/diy-ideenreich.de\/wp-content\/uploads\/2020\/11\/IMG_8255-1024x979.jpg 1024w, http:\/\/diy-ideenreich.de\/wp-content\/uploads\/2020\/11\/IMG_8255-300x287.jpg 300w, http:\/\/diy-ideenreich.de\/wp-content\/uploads\/2020\/11\/IMG_8255-768x734.jpg 768w, http:\/\/diy-ideenreich.de\/wp-content\/uploads\/2020\/11\/IMG_8255-1536x1468.jpg 1536w, http:\/\/diy-ideenreich.de\/wp-content\/uploads\/2020\/11\/IMG_8255.jpg 2048w\" sizes=\"auto, (max-width: 365px) 100vw, 365px\" \/><\/figure>\n\n\n\n<p><\/p>\n","protected":false},"excerpt":{"rendered":"<p>Ungef\u00e4hrliche Flammen, die sogar von Kindern entz\u00fcndet werden k\u00f6nnen, das klingt doch verf\u00fchrerisch. Zudem hat man automatisch ein schickes Fensterbild. [&hellip;]<\/p>\n","protected":false},"author":1,"featured_media":693,"comment_status":"open","ping_status":"open","sticky":false,"template":"","format":"standard","meta":{"footnotes":""},"categories":[1,1280,26,15,22],"tags":[113,628,487,488,544,506,492,548,632,629,634,69,111,546,547,65,112,109,348],"class_list":["post-690","post","type-post","status-publish","format-standard","has-post-thumbnail","hentry","category-allgemein","category-fensterbilder","category-kraenze-gestecke-und-inneneinrichtung","category-startseiten-beitraege","category-weihnachten","tag-adventskranz","tag-diy-christmas-ideas","tag-diy-deco","tag-diy-deko","tag-diy-fensterbilder","tag-diy-ideas","tag-diy-ideen","tag-diy-papercraft","tag-diy-weihnachtsdeko","tag-diy-weihnachtsideen","tag-diy-x-mas-ideas","tag-fensterbilder","tag-fensterdekoration","tag-imagem-da-janela","tag-imagen-de-la-ventana","tag-kuerbisfensterbild","tag-tuerdekoration","tag-weihnachtsdekoration","tag-window-image"],"_links":{"self":[{"href":"http:\/\/diy-ideenreich.de\/index.php?rest_route=\/wp\/v2\/posts\/690","targetHints":{"allow":["GET"]}}],"collection":[{"href":"http:\/\/diy-ideenreich.de\/index.php?rest_route=\/wp\/v2\/posts"}],"about":[{"href":"http:\/\/diy-ideenreich.de\/index.php?rest_route=\/wp\/v2\/types\/post"}],"author":[{"embeddable":true,"href":"http:\/\/diy-ideenreich.de\/index.php?rest_route=\/wp\/v2\/users\/1"}],"replies":[{"embeddable":true,"href":"http:\/\/diy-ideenreich.de\/index.php?rest_route=%2Fwp%2Fv2%2Fcomments&post=690"}],"version-history":[{"count":2,"href":"http:\/\/diy-ideenreich.de\/index.php?rest_route=\/wp\/v2\/posts\/690\/revisions"}],"predecessor-version":[{"id":698,"href":"http:\/\/diy-ideenreich.de\/index.php?rest_route=\/wp\/v2\/posts\/690\/revisions\/698"}],"wp:featuredmedia":[{"embeddable":true,"href":"http:\/\/diy-ideenreich.de\/index.php?rest_route=\/wp\/v2\/media\/693"}],"wp:attachment":[{"href":"http:\/\/diy-ideenreich.de\/index.php?rest_route=%2Fwp%2Fv2%2Fmedia&parent=690"}],"wp:term":[{"taxonomy":"category","embeddable":true,"href":"http:\/\/diy-ideenreich.de\/index.php?rest_route=%2Fwp%2Fv2%2Fcategories&post=690"},{"taxonomy":"post_tag","embeddable":true,"href":"http:\/\/diy-ideenreich.de\/index.php?rest_route=%2Fwp%2Fv2%2Ftags&post=690"}],"curies":[{"name":"wp","href":"https:\/\/api.w.org\/{rel}","templated":true}]}}