{"id":699,"date":"2020-11-29T13:53:12","date_gmt":"2020-11-29T12:53:12","guid":{"rendered":"http:\/\/www.diy-ideenreich.de\/?p=699"},"modified":"2022-04-03T11:37:57","modified_gmt":"2022-04-03T09:37:57","slug":"platzsparender-weihnachtsbaum","status":"publish","type":"post","link":"http:\/\/diy-ideenreich.de\/?p=699","title":{"rendered":"Platzsparender Weihnachtsbaum"},"content":{"rendered":"\n<p>Meine Kinder konnten es dieses Jahr gar nicht erwarten alles weihnachtlich zu schm\u00fccken. So kam es, dass wir bereits Ende Oktober einen Weihnachtsbaum im Wohnzimmer hatten. Aber anders als gedacht. Gerne dekoriere ich alles f\u00fcr meine Lieblingsjahreszeit um \ud83d\ude09 und so sagten wir unserem Herbstbaum ad\u00e9.<\/p>\n\n\n\n<p>Eigentlich braucht es nur Liebe, etwas Fantasie, eine saubere Scheibe, Farbe und gro\u00dfe wie kleine H\u00e4nde. Unser j\u00fcngstes wie auch quirligstes Kind wurde vom Papa auf den Arm genommen. \u00c4ltere Kinder k\u00f6nnen schon ganz frei kreativ werden.<\/p>\n\n\n\n<p>Material:<\/p>\n\n\n\n<p>Fingerfarben<\/p>\n\n\n\n<p>Pinsel<\/p>\n\n\n\n<p>Unterlagen<\/p>\n\n\n\n<p>Malkittel<\/p>\n\n\n\n<p>Gro\u00dfe und kleine H\u00e4nde \ud83d\ude09<\/p>\n\n\n\n<p>Bonus, f\u00fcr alle, die es auch noch mit Lichtern versehen mag:<\/p>\n\n\n\n<p>Saugn\u00e4pfe f\u00fcr die Fensterscheibe<\/p>\n\n\n\n<p>Lichterkette<\/p>\n\n\n\n<p>Geschenkebox oder andere Beh\u00e4ltnisse (um die Batterien zu kaschieren)<\/p>\n\n\n\n<figure class=\"wp-block-image size-large is-resized\"><img loading=\"lazy\" decoding=\"async\" src=\"http:\/\/www.diy-ideenreich.de\/wp-content\/uploads\/2020\/11\/IMG_4115-902x1024.jpg\" alt=\"\" class=\"wp-image-701\" width=\"415\" height=\"470\" srcset=\"http:\/\/diy-ideenreich.de\/wp-content\/uploads\/2020\/11\/IMG_4115-902x1024.jpg 902w, http:\/\/diy-ideenreich.de\/wp-content\/uploads\/2020\/11\/IMG_4115-264x300.jpg 264w, http:\/\/diy-ideenreich.de\/wp-content\/uploads\/2020\/11\/IMG_4115-768x872.jpg 768w, http:\/\/diy-ideenreich.de\/wp-content\/uploads\/2020\/11\/IMG_4115-1353x1536.jpg 1353w, http:\/\/diy-ideenreich.de\/wp-content\/uploads\/2020\/11\/IMG_4115.jpg 1804w\" sizes=\"auto, (max-width: 415px) 100vw, 415px\" \/><\/figure>\n\n\n\n<p><\/p>\n\n\n\n<p>Zun\u00e4chst kann man Punkte auf die Scheibe machen mit der gr\u00fcnen Farbe, wo die Handabdr\u00fccke f\u00fcr den Baum hinsollen, zur besseren Orientierung. Dieser Schritt ist optional. Wer alleine arbeitet braucht dies nicht, f\u00fcr Kinder, aber auch weitere Erwachsene kann dies hilfreich sein zur besseren Orientierung. Wenn mehrere an einem Bild beteiligt sind, sehen es ja alle etwas unterschiedlich und nicht zwingend dasselbe Bild vor dem inneren Auge.<\/p>\n\n\n\n<p>Dann einfach die H\u00e4nde gr\u00fcn anmalen und nach Herzenslust Tannenzweige gestalten. Wenn dieser Schritt erledigt ist, kann man dann mit den Pinseln Kugeln, Sterne, Geschenke und was einem sonst noch als Dekoration einf\u00e4llt an oder unter den Baum bringen.<\/p>\n\n\n\n<p>Wir haben zum Schluss noch mit Saugn\u00e4pfen eine bunte Lichterkette angebracht und fertig war der platzsparenste Baum, den wir je hatten.<\/p>\n\n\n\n<figure class=\"wp-block-image size-large is-resized\"><img loading=\"lazy\" decoding=\"async\" src=\"http:\/\/www.diy-ideenreich.de\/wp-content\/uploads\/2020\/11\/IMG_3942-700x1024.jpg\" alt=\"\" class=\"wp-image-702\" width=\"482\" height=\"704\" srcset=\"http:\/\/diy-ideenreich.de\/wp-content\/uploads\/2020\/11\/IMG_3942-700x1024.jpg 700w, http:\/\/diy-ideenreich.de\/wp-content\/uploads\/2020\/11\/IMG_3942-205x300.jpg 205w, http:\/\/diy-ideenreich.de\/wp-content\/uploads\/2020\/11\/IMG_3942-768x1124.jpg 768w\" sizes=\"auto, (max-width: 482px) 100vw, 482px\" \/><\/figure>\n\n\n\n<p><\/p>\n","protected":false},"excerpt":{"rendered":"<p>Meine Kinder konnten es dieses Jahr gar nicht erwarten alles weihnachtlich zu schm\u00fccken. So kam es, dass wir bereits Ende [&hellip;]<\/p>\n","protected":false},"author":1,"featured_media":700,"comment_status":"open","ping_status":"open","sticky":false,"template":"","format":"standard","meta":{"footnotes":""},"categories":[1,37,1280,36,15,22],"tags":[56,488,544,506,492,69,48,546,547,57,115,116,114,348],"class_list":["post-699","post","type-post","status-publish","format-standard","has-post-thumbnail","hentry","category-allgemein","category-basteln-mit-kindern","category-fensterbilder","category-kinder","category-startseiten-beitraege","category-weihnachten","tag-diy","tag-diy-deko","tag-diy-fensterbilder","tag-diy-ideas","tag-diy-ideen","tag-fensterbilder","tag-fingerfarben","tag-imagem-da-janela","tag-imagen-de-la-ventana","tag-kinder-beschaeftigen","tag-malen-mit-fingerfarben","tag-platzsparender-weihnachtsbaum","tag-weihnachtliches-fensterbild","tag-window-image"],"_links":{"self":[{"href":"http:\/\/diy-ideenreich.de\/index.php?rest_route=\/wp\/v2\/posts\/699","targetHints":{"allow":["GET"]}}],"collection":[{"href":"http:\/\/diy-ideenreich.de\/index.php?rest_route=\/wp\/v2\/posts"}],"about":[{"href":"http:\/\/diy-ideenreich.de\/index.php?rest_route=\/wp\/v2\/types\/post"}],"author":[{"embeddable":true,"href":"http:\/\/diy-ideenreich.de\/index.php?rest_route=\/wp\/v2\/users\/1"}],"replies":[{"embeddable":true,"href":"http:\/\/diy-ideenreich.de\/index.php?rest_route=%2Fwp%2Fv2%2Fcomments&post=699"}],"version-history":[{"count":1,"href":"http:\/\/diy-ideenreich.de\/index.php?rest_route=\/wp\/v2\/posts\/699\/revisions"}],"predecessor-version":[{"id":703,"href":"http:\/\/diy-ideenreich.de\/index.php?rest_route=\/wp\/v2\/posts\/699\/revisions\/703"}],"wp:featuredmedia":[{"embeddable":true,"href":"http:\/\/diy-ideenreich.de\/index.php?rest_route=\/wp\/v2\/media\/700"}],"wp:attachment":[{"href":"http:\/\/diy-ideenreich.de\/index.php?rest_route=%2Fwp%2Fv2%2Fmedia&parent=699"}],"wp:term":[{"taxonomy":"category","embeddable":true,"href":"http:\/\/diy-ideenreich.de\/index.php?rest_route=%2Fwp%2Fv2%2Fcategories&post=699"},{"taxonomy":"post_tag","embeddable":true,"href":"http:\/\/diy-ideenreich.de\/index.php?rest_route=%2Fwp%2Fv2%2Ftags&post=699"}],"curies":[{"name":"wp","href":"https:\/\/api.w.org\/{rel}","templated":true}]}}