{"id":869,"date":"2020-12-30T09:44:45","date_gmt":"2020-12-30T08:44:45","guid":{"rendered":"http:\/\/www.diy-ideenreich.de\/?p=869"},"modified":"2020-12-30T09:44:46","modified_gmt":"2020-12-30T08:44:46","slug":"die-familienuhr-mehr-zeit-fuereinander-und-miteinander-statt-nur-nebeneinander","status":"publish","type":"post","link":"http:\/\/diy-ideenreich.de\/?p=869","title":{"rendered":"Die Familienuhr &#8211; mehr Zeit f\u00fcreinander und miteinander statt nur nebeneinander!"},"content":{"rendered":"\n<p>Mir war nach unserem Urlaub im Sommer aufgefallen, dass wir, wieder im Alltag angekommen, zwar k\u00f6rperlich f\u00fcr unsere Kinder da waren, aber nicht immer geistig anwesend. Selbst wenn ich meine Kinder gerne einbinde im Alltag und auch so versuche viel qualitative Zeit mit ihnen zu verbringen, schaltet sich bei mir auch mal ein Autopilot ein, der einfach mal etwas zu Ende bringen will und endlich aufr\u00e4umen, etwas wegpacken oder sonst etwas erledigt haben will.<\/p>\n\n\n\n<p>Nachdem wir im Urlaub nat\u00fcrlich auch stressige, aber im Gro\u00dfen und Ganzen endlich mal eine richtig sch\u00f6ne Zeit f\u00fcreinander hatten, fiel mir dies im Alltag, wo wieder gekocht, geputzt und im Garten gewuselt wurde extrem auf.<\/p>\n\n\n\n<p>Wir hatten nicht immer Zeit f\u00fcreinander, sondern viel mehr nebeneinander. Und dies machte sich auch bei meinen Kindern bemerkbar. Gerade wahrscheinlich, weil sie so verw\u00f6hnt aus der Urlaubszeit waren, forderten sie mehr und mehr Aufmerksamkeit. Weil dies dann auch schon mal mit den Bed\u00fcrfnissen der Erwachsenen kollidierte, kam mir die Idee einer Familienuhr.<\/p>\n\n\n\n<p>Ich kannte etwas \u00e4hnliches schon von einer Freundin, deren Kinder mittlerweile erwachsen sind. Als ihre Kinder kleiner waren und gerade die Mama eine Zeit f\u00fcr sich ben\u00f6tigte, gab es bei ihr ein Schaubild an der T\u00fcr (gut sichtbar f\u00fcr alle), wo sie ihre Mamazeit deutlich machen konnte. Ob dies damals eine Uhr war, wei\u00df ich heute gar nicht mehr oder ob ich dies in anderer Form woanders schon einmal gesehen habe, wei\u00df ich nicht. Mir kam auf jeden Fall die Idee einer Uhr, da wir schon immer mal von einer Papa-Kind(Name)-Zeit oder einer Mama-Zeit sprechen, wenn mal nur mit einer bestimmten Person etwas gemacht wird oder Familienzeit, wenn wir alle etwas gemeinsam unternehmen. Vielleicht kam daher die Idee mit der Uhr?<\/p>\n\n\n\n<p>Weitere Situationen sind zum Beispiel: Wenn von einem Kind Kindergartenfreunde besucht werden und das andere Kind nicht mitkommen kann oder eine Aktivit\u00e4t f\u00fcr das j\u00fcngste Kind noch nichts ist, sprechen wir von so einer Zeit. Aber auch im Alltag, wenn ich merke, dass ich mit einem Kind weniger Zeit verbracht habe, als mir lieb ist und um dann klar zu betonen, dass mir das aber wichtig ist, spreche ich dann von einer Mama-Name-Zeit.<\/p>\n\n\n\n<p>(Ihr entschuldigt bitte, dass ich die Namen meiner Kinder hier rauslasse, dies liest sich zwar bl\u00f6d, dennoch m\u00f6chte ich dies in einem Internetblog nicht. Genauso verfahre ich dann auch mit den Fotos, die ich anonymisiere.)<\/p>\n\n\n\n<p>Zur\u00fcck zur Uhr, anbei eine bespielhafte Aufteilung, wenn man wie wir zwei Kinder hat. Eine extra Papa-Mama-Zeit habe ich hier nicht eingef\u00fcgt, da ich die Uhr so sehe, dass immer ein Elternteil f\u00fcr die Kinder sorgen muss\/sollte, wenn es, wie bei uns, um Kleinkinder geht. Wenn die Kinder zur Omi kommen, dann haben ja die Eltern automatisch die Zeit f\u00fcr sich oder wenn die Geschwisterzeit von den Kindern gew\u00fcnscht wird. Dies war \u00fcbrigens nach der Vorstellung der Uhr die erste gew\u00e4hlte Zeit! Das hatte ich nicht erwartet. Da meine beiden noch klein sind, habe ich mit Fotos gearbeitet, damit immer die Konstellation sehr deutlich war. Nach der Geschwisterzeit haben sich beide eine Mama-Kind1-Kind2-Zeit gew\u00fcnscht und wollten dann selber Uhren basteln (die Anleitung dazu findet ihr unter Kinderuhr, Basteln MIT Kindern). Also hat die Uhr schon gute Dienste geleistet. Sie ist immer noch f\u00fcr unsere Kinder aktuell und verdeutlicht auch, dass jemand mal Ruhe braucht, jeder das dazu Recht hat, aber auch wie wichtig es ist, mit allen oder gezielt jemanden Zeit zu verbringen. Vor allem erinnert es mich aber auch immer wieder, nicht nur den Alltag abzuspulen, sondern die Bed\u00fcrfnisse nach N\u00e4he meiner Kinder klar zu sehen.<\/p>\n\n\n\n<p>Anleitung Familienuhr<\/p>\n\n\n\n<p>Musterbeutelklammer (z.B. f\u00fcr Buchsendungen)<\/p>\n\n\n\n<p>Pappe<\/p>\n\n\n\n<p>Tonkarton<\/p>\n\n\n\n<p>Ein Teller als Schablone (aber nat\u00fcrlich muss eine Uhr nicht rund sein)<\/p>\n\n\n\n<p>Permanent Marker<\/p>\n\n\n\n<p>Lineal<\/p>\n\n\n\n<p>Klebe<\/p>\n\n\n\n<p>Schere<\/p>\n\n\n\n<p>Piker<\/p>\n\n\n\n<p>Mit bunten Tonkarton kann man in verschiedenen Farben, am besten mit Lieblingsfarben bei den Kindern, vor allem wenn sie noch nicht lesen k\u00f6nnen, die Zeiger gestalten. Damit es aber f\u00fcr alle immer deutlich ist, kann man trotzdem noch den Namen darauf schreiben. Bei der Gr\u00f6\u00dfe der Zeiger muss man bei den Enden genau \u00fcberlegen, wie man die Zeiger gestaltet. Bei dem einen Ende muss man immer das Loch bedenken, durch das der Zeiger befestigt wird (ist der hintere Teil also zu schmal, rei\u00dft nach einigem Drehen der Zeiger hinten ab.) Vorne kommt es darauf an, ob mit nur mit Namen oder auch Fotos gearbeitet wird. Wenn der Zeiger vorne zu wuchtig oder zu lang ist, werden die Fotos oder Namen vielleicht verdeckt.<\/p>\n\n\n\n<p>Mithilfe eines Tellers zeichnete ich das Zifferblatt auf. Danach skizzierte ich mit dem Lineal die einzelnen \u201eKuchenst\u00fccke\u201c auf, die die Zeiten darstellen sollen (siehe Schema). <\/p>\n\n\n\n<figure class=\"wp-block-image size-large\"><img loading=\"lazy\" decoding=\"async\" width=\"768\" height=\"1024\" src=\"http:\/\/www.diy-ideenreich.de\/wp-content\/uploads\/2020\/12\/Familienuhr-Schema-768x1024.jpg\" alt=\"\" class=\"wp-image-872\" srcset=\"http:\/\/diy-ideenreich.de\/wp-content\/uploads\/2020\/12\/Familienuhr-Schema-768x1024.jpg 768w, http:\/\/diy-ideenreich.de\/wp-content\/uploads\/2020\/12\/Familienuhr-Schema-225x300.jpg 225w, http:\/\/diy-ideenreich.de\/wp-content\/uploads\/2020\/12\/Familienuhr-Schema-1152x1536.jpg 1152w, http:\/\/diy-ideenreich.de\/wp-content\/uploads\/2020\/12\/Familienuhr-Schema.jpg 1536w\" sizes=\"auto, (max-width: 768px) 100vw, 768px\" \/><\/figure>\n\n\n\n<p><\/p>\n\n\n\n<p>So ein Schema h\u00e4tte ich vorher nicht nur im Kopf, sondern auch in echt machen sollen, denn bei meiner Uhr (ich arbeite gerne mal euphorisch drauflos) kam es so, dass ich zwei Felder doppelt hatte und dies erst merkte, nachdem ich sie bereits beschriftet hatte und schon die Fotos herausgesuchte und aufgeklebt hatte. Daher sieht man bei mir leider unsch\u00f6ne, etwas durchgestrichelte Schrift wie auch Linien, die ich nur m\u00e4\u00dfig mit den Fotos kaschieren konnte. Da ich aber schon so weit fortgeschritten war mit dem Aufkleben und Zuschneiden, war dies dann die L\u00f6sung, die \u00fcbrig blieb.<\/p>\n\n\n\n<p>Wenn das Zifferblatt fertig gestaltet ist, ob mit Namen, Fotos oder wie es einem gef\u00e4llt, pickst man mithilfe des Piker ein Loch in die Mitte und befestigt die Zeiger.<\/p>\n\n\n\n<p><\/p>\n\n\n\n<figure class=\"wp-block-image size-large\"><img loading=\"lazy\" decoding=\"async\" width=\"1024\" height=\"974\" src=\"http:\/\/www.diy-ideenreich.de\/wp-content\/uploads\/2020\/12\/Familienuhr-1-1024x974.jpg\" alt=\"\" class=\"wp-image-873\" srcset=\"http:\/\/diy-ideenreich.de\/wp-content\/uploads\/2020\/12\/Familienuhr-1-1024x974.jpg 1024w, http:\/\/diy-ideenreich.de\/wp-content\/uploads\/2020\/12\/Familienuhr-1-300x285.jpg 300w, http:\/\/diy-ideenreich.de\/wp-content\/uploads\/2020\/12\/Familienuhr-1-768x730.jpg 768w, http:\/\/diy-ideenreich.de\/wp-content\/uploads\/2020\/12\/Familienuhr-1-1536x1460.jpg 1536w, http:\/\/diy-ideenreich.de\/wp-content\/uploads\/2020\/12\/Familienuhr-1.jpg 2048w\" sizes=\"auto, (max-width: 1024px) 100vw, 1024px\" \/><\/figure>\n","protected":false},"excerpt":{"rendered":"<p>Mir war nach unserem Urlaub im Sommer aufgefallen, dass wir, wieder im Alltag angekommen, zwar k\u00f6rperlich f\u00fcr unsere Kinder da [&hellip;]<\/p>\n","protected":false},"author":1,"featured_media":871,"comment_status":"open","ping_status":"open","sticky":false,"template":"","format":"standard","meta":{"footnotes":""},"categories":[1,38,36,15],"tags":[180,177,174,175,178,179,176],"class_list":["post-869","post","type-post","status-publish","format-standard","has-post-thumbnail","hentry","category-allgemein","category-basteln-fuer-kinder","category-kinder","category-startseiten-beitraege","tag-aktivitaeten-planen","tag-beduerfnisse-in-der-familie","tag-familienuhr","tag-familienzeit","tag-zeit-der-naehe","tag-zeit-der-ruhe","tag-zeit-mit-der-familie"],"_links":{"self":[{"href":"http:\/\/diy-ideenreich.de\/index.php?rest_route=\/wp\/v2\/posts\/869","targetHints":{"allow":["GET"]}}],"collection":[{"href":"http:\/\/diy-ideenreich.de\/index.php?rest_route=\/wp\/v2\/posts"}],"about":[{"href":"http:\/\/diy-ideenreich.de\/index.php?rest_route=\/wp\/v2\/types\/post"}],"author":[{"embeddable":true,"href":"http:\/\/diy-ideenreich.de\/index.php?rest_route=\/wp\/v2\/users\/1"}],"replies":[{"embeddable":true,"href":"http:\/\/diy-ideenreich.de\/index.php?rest_route=%2Fwp%2Fv2%2Fcomments&post=869"}],"version-history":[{"count":2,"href":"http:\/\/diy-ideenreich.de\/index.php?rest_route=\/wp\/v2\/posts\/869\/revisions"}],"predecessor-version":[{"id":874,"href":"http:\/\/diy-ideenreich.de\/index.php?rest_route=\/wp\/v2\/posts\/869\/revisions\/874"}],"wp:featuredmedia":[{"embeddable":true,"href":"http:\/\/diy-ideenreich.de\/index.php?rest_route=\/wp\/v2\/media\/871"}],"wp:attachment":[{"href":"http:\/\/diy-ideenreich.de\/index.php?rest_route=%2Fwp%2Fv2%2Fmedia&parent=869"}],"wp:term":[{"taxonomy":"category","embeddable":true,"href":"http:\/\/diy-ideenreich.de\/index.php?rest_route=%2Fwp%2Fv2%2Fcategories&post=869"},{"taxonomy":"post_tag","embeddable":true,"href":"http:\/\/diy-ideenreich.de\/index.php?rest_route=%2Fwp%2Fv2%2Ftags&post=869"}],"curies":[{"name":"wp","href":"https:\/\/api.w.org\/{rel}","templated":true}]}}