{"id":995,"date":"2021-01-20T14:52:10","date_gmt":"2021-01-20T13:52:10","guid":{"rendered":"http:\/\/www.diy-ideenreich.de\/?p=995"},"modified":"2021-04-18T11:32:56","modified_gmt":"2021-04-18T09:32:56","slug":"maerchenhafte-windlichter","status":"publish","type":"post","link":"http:\/\/diy-ideenreich.de\/?p=995","title":{"rendered":"M\u00e4rchenhafte Windlichter"},"content":{"rendered":"\n<p>Strahlend hell und bunt geht es weiter und nat\u00fcrlich auch zauber- wie auch m\u00e4rchenhaft. Dieses Mal mit der Technik der Decoupage bzw. auch des D\u00e9copatch.<\/p>\n\n\n\n<figure class=\"wp-block-image size-large is-resized\"><img loading=\"lazy\" decoding=\"async\" src=\"http:\/\/www.diy-ideenreich.de\/wp-content\/uploads\/2021\/01\/IMG_4990-768x1024.jpg\" alt=\"\" class=\"wp-image-1007\" width=\"394\" height=\"524\" srcset=\"http:\/\/diy-ideenreich.de\/wp-content\/uploads\/2021\/01\/IMG_4990-768x1024.jpg 768w, http:\/\/diy-ideenreich.de\/wp-content\/uploads\/2021\/01\/IMG_4990-225x300.jpg 225w, http:\/\/diy-ideenreich.de\/wp-content\/uploads\/2021\/01\/IMG_4990-1152x1536.jpg 1152w, http:\/\/diy-ideenreich.de\/wp-content\/uploads\/2021\/01\/IMG_4990.jpg 1536w\" sizes=\"auto, (max-width: 394px) 100vw, 394px\" \/><\/figure>\n\n\n\n<figure class=\"wp-block-image size-large is-resized\"><img loading=\"lazy\" decoding=\"async\" src=\"http:\/\/www.diy-ideenreich.de\/wp-content\/uploads\/2021\/01\/IMG_4985-768x1024.jpg\" alt=\"\" class=\"wp-image-1008\" width=\"387\" height=\"516\" srcset=\"http:\/\/diy-ideenreich.de\/wp-content\/uploads\/2021\/01\/IMG_4985-768x1024.jpg 768w, http:\/\/diy-ideenreich.de\/wp-content\/uploads\/2021\/01\/IMG_4985-225x300.jpg 225w, http:\/\/diy-ideenreich.de\/wp-content\/uploads\/2021\/01\/IMG_4985-1152x1536.jpg 1152w, http:\/\/diy-ideenreich.de\/wp-content\/uploads\/2021\/01\/IMG_4985.jpg 1536w\" sizes=\"auto, (max-width: 387px) 100vw, 387px\" \/><\/figure>\n\n\n\n<p><\/p>\n\n\n\n<p>Bei Decoupage geht es, laut Definition, um das genaue Ausschneiden der Motive, w\u00e4hrend beim D\u00e9copatch die Papiere eher zerrissen und kunstvoll zusammengesetzt werden. Jetzt kann man sich in diesem Beitrag streiten, welche Technik es denn nun genau bei diesen Gl\u00e4sern ist. Da ich meine Kinder das Papier habe zerrei\u00dfen lassen, w\u00e4re es ja D\u00e9copatch, da ich aber die M\u00e4rchenfiguren s\u00e4uberlich aufgezeichnet und ausgeschnitten habe, w\u00e4re dies dann wieder Decoupage\u2026 Ich nehme mir die k\u00fcnstlerische Freiheit, die Entscheidung dar\u00fcber, welche Technik ich nun tats\u00e4chlich definitorisch gemacht habe, dem Leser zu \u00fcberlassen.<\/p>\n\n\n\n<figure class=\"wp-block-image size-large\"><img loading=\"lazy\" decoding=\"async\" width=\"936\" height=\"1024\" src=\"http:\/\/www.diy-ideenreich.de\/wp-content\/uploads\/2021\/01\/IMG_4932-936x1024.jpg\" alt=\"\" class=\"wp-image-998\" srcset=\"http:\/\/diy-ideenreich.de\/wp-content\/uploads\/2021\/01\/IMG_4932-936x1024.jpg 936w, http:\/\/diy-ideenreich.de\/wp-content\/uploads\/2021\/01\/IMG_4932-274x300.jpg 274w, http:\/\/diy-ideenreich.de\/wp-content\/uploads\/2021\/01\/IMG_4932-768x841.jpg 768w, http:\/\/diy-ideenreich.de\/wp-content\/uploads\/2021\/01\/IMG_4932-1403x1536.jpg 1403w, http:\/\/diy-ideenreich.de\/wp-content\/uploads\/2021\/01\/IMG_4932.jpg 1871w\" sizes=\"auto, (max-width: 936px) 100vw, 936px\" \/><\/figure>\n\n\n\n<p>Generell gilt bei beiden Methoden:<\/p>\n\n\n\n<p>Sie erm\u00f6glichen einem mit saugf\u00e4higen Materialien verschiedene Untergr\u00fcnde zu verzieren (wie Papier oder Bl\u00e4tter, siehe hier auch das Glas, das im Beitrag \u201eHerbstgirlande\u201c als Deko im Hintergrund fungiert). Das hei\u00dft, zum Bespiel mit der Serviettentechnik auf verschiedenen Untergr\u00fcnden wie z.B. Holz versch\u00f6nern oder wie hier Gl\u00e4ser mit Transparentpapier. Wichtig ist, dass man den richtigen Kleber bzw. Klarlack verwendet. Hier kommt es darauf an, was man mit welchem Material kombinieren will oder zum Beispiel, ob man den Kleber f\u00fcr Windlichter in Kombination mit echten Kerzen auch verwenden darf. &nbsp;Hier habe ich mich schlichtweg an den Herstellerangaben orientiert.<\/p>\n\n\n\n<p>Es gibt auch unterschiedliche Herangehensweisen. Man kann mit einem Schwamm Papiere anfeuchten, auf das gew\u00fcnschte Objekt legen und danach den Lack oder Kleber aufbringen. Oder, so wie hier oder dem Herbstglas, den Kleber auf das Glas auftragen, dann das Blatt oder Papiermotiv auflegen und dann wieder den Kleber aufbringen.<\/p>\n\n\n\n<p>Aber jetzt zu den Windlichtern:<\/p>\n\n\n\n<p>Zuallererst stand die wichtigste Frage im Raum: Welche Geschichten sollten es werden?! Schnell einigten wir uns auf Arielle und Winnie Pooh.<\/p>\n\n\n\n<p>Material:<\/p>\n\n\n\n<p>Kleber<\/p>\n\n\n\n<p>Gl\u00e4ser<\/p>\n\n\n\n<p>Transparentpapier<\/p>\n\n\n\n<p>Pinsel<\/p>\n\n\n\n<p>Handschuhe<\/p>\n\n\n\n<p><\/p>\n\n\n\n<figure class=\"wp-block-image size-large\"><img loading=\"lazy\" decoding=\"async\" width=\"1024\" height=\"732\" src=\"http:\/\/www.diy-ideenreich.de\/wp-content\/uploads\/2021\/01\/IMG_4931-1024x732.jpg\" alt=\"\" class=\"wp-image-999\" srcset=\"http:\/\/diy-ideenreich.de\/wp-content\/uploads\/2021\/01\/IMG_4931-1024x732.jpg 1024w, http:\/\/diy-ideenreich.de\/wp-content\/uploads\/2021\/01\/IMG_4931-300x214.jpg 300w, http:\/\/diy-ideenreich.de\/wp-content\/uploads\/2021\/01\/IMG_4931-768x549.jpg 768w, http:\/\/diy-ideenreich.de\/wp-content\/uploads\/2021\/01\/IMG_4931-1536x1097.jpg 1536w, http:\/\/diy-ideenreich.de\/wp-content\/uploads\/2021\/01\/IMG_4931.jpg 2048w\" sizes=\"auto, (max-width: 1024px) 100vw, 1024px\" \/><\/figure>\n\n\n\n<p>Wenn die M\u00e4rchen\/Geschichten-Auswahl getroffen worden ist, muss nur noch das richtige Motiv f\u00fcr die Windlichter ausgesucht werden. Auch wenn sich die Gr\u00f6\u00dfe nat\u00fcrlich zeichnerisch anpassen l\u00e4sst, so ist die \u00dcbersichtlichkeit und vor allem Breite ein wichtiger Punkt, den man immer im Blick haben sollte.<\/p>\n\n\n\n<figure class=\"wp-block-image size-large is-resized\"><img loading=\"lazy\" decoding=\"async\" src=\"http:\/\/www.diy-ideenreich.de\/wp-content\/uploads\/2021\/01\/IMG_4934-1024x875.jpg\" alt=\"\" class=\"wp-image-1001\" width=\"314\" height=\"268\" srcset=\"http:\/\/diy-ideenreich.de\/wp-content\/uploads\/2021\/01\/IMG_4934-1024x875.jpg 1024w, http:\/\/diy-ideenreich.de\/wp-content\/uploads\/2021\/01\/IMG_4934-300x256.jpg 300w, http:\/\/diy-ideenreich.de\/wp-content\/uploads\/2021\/01\/IMG_4934-768x656.jpg 768w, http:\/\/diy-ideenreich.de\/wp-content\/uploads\/2021\/01\/IMG_4934-1536x1312.jpg 1536w, http:\/\/diy-ideenreich.de\/wp-content\/uploads\/2021\/01\/IMG_4934.jpg 2048w\" sizes=\"auto, (max-width: 314px) 100vw, 314px\" \/><\/figure>\n\n\n\n<p><\/p>\n\n\n\n<p><\/p>\n\n\n\n<p>\u00c4ltere Kinder sind da nat\u00fcrlich frei im Gestalten. Hier einfach das gew\u00fcnschte Motiv (ab)zeichnen oder abpausen und ausschneiden. Unsere Kinder sind noch zu klein, daher habe ich das Zeichnen der Figuren \u00fcbernommen.<\/p>\n\n\n\n<figure class=\"wp-block-image size-large\"><img loading=\"lazy\" decoding=\"async\" width=\"768\" height=\"1024\" src=\"http:\/\/www.diy-ideenreich.de\/wp-content\/uploads\/2021\/01\/IMG_4933-1-768x1024.jpg\" alt=\"\" class=\"wp-image-1002\" srcset=\"http:\/\/diy-ideenreich.de\/wp-content\/uploads\/2021\/01\/IMG_4933-1-768x1024.jpg 768w, http:\/\/diy-ideenreich.de\/wp-content\/uploads\/2021\/01\/IMG_4933-1-225x300.jpg 225w, http:\/\/diy-ideenreich.de\/wp-content\/uploads\/2021\/01\/IMG_4933-1-1152x1536.jpg 1152w, http:\/\/diy-ideenreich.de\/wp-content\/uploads\/2021\/01\/IMG_4933-1.jpg 1536w\" sizes=\"auto, (max-width: 768px) 100vw, 768px\" \/><\/figure>\n\n\n\n<p><\/p>\n\n\n\n<p>W\u00e4hrenddessen k\u00f6nnen (und konnten) kleine, flinke Finger eine ganze Menge Transparentpapier zerschneiden und zerrei\u00dfen.<\/p>\n\n\n\n<p>Wenn die Gl\u00e4ser (da ich gerne Recycling betreibe) von etwaigen Etiketten befreit sind, kann es auch schon losgehen.<\/p>\n\n\n\n<figure class=\"wp-block-image size-large is-resized\"><img loading=\"lazy\" decoding=\"async\" src=\"http:\/\/www.diy-ideenreich.de\/wp-content\/uploads\/2021\/01\/IMG_4935-799x1024.jpg\" alt=\"\" class=\"wp-image-1004\" width=\"396\" height=\"507\" srcset=\"http:\/\/diy-ideenreich.de\/wp-content\/uploads\/2021\/01\/IMG_4935-799x1024.jpg 799w, http:\/\/diy-ideenreich.de\/wp-content\/uploads\/2021\/01\/IMG_4935-234x300.jpg 234w, http:\/\/diy-ideenreich.de\/wp-content\/uploads\/2021\/01\/IMG_4935-768x984.jpg 768w, http:\/\/diy-ideenreich.de\/wp-content\/uploads\/2021\/01\/IMG_4935-1199x1536.jpg 1199w, http:\/\/diy-ideenreich.de\/wp-content\/uploads\/2021\/01\/IMG_4935.jpg 1598w\" sizes=\"auto, (max-width: 396px) 100vw, 396px\" \/><\/figure>\n\n\n\n<figure class=\"wp-block-image size-large is-resized\"><img loading=\"lazy\" decoding=\"async\" src=\"http:\/\/www.diy-ideenreich.de\/wp-content\/uploads\/2021\/01\/IMG_4938-810x1024.jpg\" alt=\"\" class=\"wp-image-1005\" width=\"368\" height=\"465\" srcset=\"http:\/\/diy-ideenreich.de\/wp-content\/uploads\/2021\/01\/IMG_4938-810x1024.jpg 810w, http:\/\/diy-ideenreich.de\/wp-content\/uploads\/2021\/01\/IMG_4938-237x300.jpg 237w, http:\/\/diy-ideenreich.de\/wp-content\/uploads\/2021\/01\/IMG_4938-768x971.jpg 768w, http:\/\/diy-ideenreich.de\/wp-content\/uploads\/2021\/01\/IMG_4938-1215x1536.jpg 1215w, http:\/\/diy-ideenreich.de\/wp-content\/uploads\/2021\/01\/IMG_4938.jpg 1620w\" sizes=\"auto, (max-width: 368px) 100vw, 368px\" \/><\/figure>\n\n\n\n<p><\/p>\n\n\n\n<p>Zun\u00e4chst an der gew\u00fcnschten Stelle den Kleber anbringen und sofort mit dem Bekleben beginnen und dann nochmals eine Schicht Kleber auf das Papier, das bereits auf dem Glas ist, auftragen. Wenn das Glas insoweit beklebt ist, dass man zufrieden ist, alles gut trocknen lassen.<\/p>\n\n\n\n<p>Einen Tipp kann ich aus eigener Erfahrung geben: Bitte den Kleber nicht sofort auf dem gesamten Glas verteilen! Den Kleber, den ich verwendet habe, trocknete n\u00e4mlich sehr schnell. Damals in der Krabbelgruppe, als wir die Herbstgl\u00e4ser hergestellt hatten, hatten wir Erwachsenen die Gl\u00e4ser gebastelt und hatten ein ganz anderes Tempo, so dass mir das nicht aufgefallen war. Jetzt zusammen mit den Kindern waren wir deutlich langsamer und so war der Kleber relativ schnell getrocknet, bevor wir gen\u00fcgend Papier angebracht hatten.<\/p>\n\n\n\n<figure class=\"wp-block-image size-large\"><img loading=\"lazy\" decoding=\"async\" width=\"846\" height=\"1024\" src=\"http:\/\/www.diy-ideenreich.de\/wp-content\/uploads\/2021\/01\/IMG_4937-846x1024.jpg\" alt=\"\" class=\"wp-image-1003\" srcset=\"http:\/\/diy-ideenreich.de\/wp-content\/uploads\/2021\/01\/IMG_4937-846x1024.jpg 846w, http:\/\/diy-ideenreich.de\/wp-content\/uploads\/2021\/01\/IMG_4937-248x300.jpg 248w, http:\/\/diy-ideenreich.de\/wp-content\/uploads\/2021\/01\/IMG_4937-768x930.jpg 768w, http:\/\/diy-ideenreich.de\/wp-content\/uploads\/2021\/01\/IMG_4937-1269x1536.jpg 1269w, http:\/\/diy-ideenreich.de\/wp-content\/uploads\/2021\/01\/IMG_4937.jpg 1692w\" sizes=\"auto, (max-width: 846px) 100vw, 846px\" \/><\/figure>\n\n\n\n<p>Da ich zuvor auf dem Etikett des Klebers gelesen hatte: \u201enicht unter 5 Jahren verwenden\u201c hatte ich beschlossen, dass ich hier die Autonomie meiner Kinder etwas d\u00e4mpfe und ich das mit dem Kleberaufbringen \u00fcbernehme und auch Handschuhe dabei trage. Es war urspr\u00fcnglich geplant, dass meine Kinder die oben genannten Schritte selbstst\u00e4ndig durchf\u00fchren, doch das hatte ich mir, wie gesagt, dann relativ spontan anders \u00fcberlegt.<\/p>\n\n\n\n<p><\/p>\n\n\n\n<figure class=\"wp-block-image size-large\"><img loading=\"lazy\" decoding=\"async\" width=\"867\" height=\"1024\" src=\"http:\/\/www.diy-ideenreich.de\/wp-content\/uploads\/2021\/01\/IMG_4988-867x1024.jpg\" alt=\"\" class=\"wp-image-1006\" srcset=\"http:\/\/diy-ideenreich.de\/wp-content\/uploads\/2021\/01\/IMG_4988-867x1024.jpg 867w, http:\/\/diy-ideenreich.de\/wp-content\/uploads\/2021\/01\/IMG_4988-254x300.jpg 254w, http:\/\/diy-ideenreich.de\/wp-content\/uploads\/2021\/01\/IMG_4988-768x907.jpg 768w, http:\/\/diy-ideenreich.de\/wp-content\/uploads\/2021\/01\/IMG_4988-1301x1536.jpg 1301w, http:\/\/diy-ideenreich.de\/wp-content\/uploads\/2021\/01\/IMG_4988.jpg 1734w\" sizes=\"auto, (max-width: 867px) 100vw, 867px\" \/><\/figure>\n\n\n\n<p><\/p>\n\n\n\n<figure class=\"wp-block-image size-large\"><img loading=\"lazy\" decoding=\"async\" width=\"760\" height=\"1024\" src=\"http:\/\/www.diy-ideenreich.de\/wp-content\/uploads\/2021\/01\/IMG_4986-760x1024.jpg\" alt=\"\" class=\"wp-image-1009\" srcset=\"http:\/\/diy-ideenreich.de\/wp-content\/uploads\/2021\/01\/IMG_4986-760x1024.jpg 760w, http:\/\/diy-ideenreich.de\/wp-content\/uploads\/2021\/01\/IMG_4986-223x300.jpg 223w, http:\/\/diy-ideenreich.de\/wp-content\/uploads\/2021\/01\/IMG_4986-768x1035.jpg 768w, http:\/\/diy-ideenreich.de\/wp-content\/uploads\/2021\/01\/IMG_4986-1139x1536.jpg 1139w, http:\/\/diy-ideenreich.de\/wp-content\/uploads\/2021\/01\/IMG_4986.jpg 1519w\" sizes=\"auto, (max-width: 760px) 100vw, 760px\" \/><\/figure>\n","protected":false},"excerpt":{"rendered":"<p>Strahlend hell und bunt geht es weiter und nat\u00fcrlich auch zauber- wie auch m\u00e4rchenhaft. Dieses Mal mit der Technik der [&hellip;]<\/p>\n","protected":false},"author":1,"featured_media":997,"comment_status":"open","ping_status":"open","sticky":false,"template":"","format":"standard","meta":{"footnotes":""},"categories":[1,37,28,36,63,15,39],"tags":[17,240,241,242,56,487,488,506,492,204,57,205,197,97,239,222,238,223],"class_list":["post-995","post","type-post","status-publish","format-standard","has-post-thumbnail","hentry","category-allgemein","category-basteln-mit-kindern","category-fruehjahr-und-fruehling","category-kinder","category-maerchenhaftes","category-startseiten-beitraege","category-upcyling-recyling","tag-basteln-mit-kindern","tag-decopatch","tag-decopatch-2","tag-decoupage","tag-diy","tag-diy-deco","tag-diy-deko","tag-diy-ideas","tag-diy-ideen","tag-handcraftwithkids","tag-kinder-beschaeftigen","tag-lockdownideas","tag-lockdownideen","tag-maerchenhafte-dekoration","tag-maerchenhaftes-fuer-und-mit-kindern-basteln","tag-we-stay-at-home","tag-windlichter","tag-wir-bleiben-zu-hause"],"_links":{"self":[{"href":"http:\/\/diy-ideenreich.de\/index.php?rest_route=\/wp\/v2\/posts\/995","targetHints":{"allow":["GET"]}}],"collection":[{"href":"http:\/\/diy-ideenreich.de\/index.php?rest_route=\/wp\/v2\/posts"}],"about":[{"href":"http:\/\/diy-ideenreich.de\/index.php?rest_route=\/wp\/v2\/types\/post"}],"author":[{"embeddable":true,"href":"http:\/\/diy-ideenreich.de\/index.php?rest_route=\/wp\/v2\/users\/1"}],"replies":[{"embeddable":true,"href":"http:\/\/diy-ideenreich.de\/index.php?rest_route=%2Fwp%2Fv2%2Fcomments&post=995"}],"version-history":[{"count":2,"href":"http:\/\/diy-ideenreich.de\/index.php?rest_route=\/wp\/v2\/posts\/995\/revisions"}],"predecessor-version":[{"id":1010,"href":"http:\/\/diy-ideenreich.de\/index.php?rest_route=\/wp\/v2\/posts\/995\/revisions\/1010"}],"wp:featuredmedia":[{"embeddable":true,"href":"http:\/\/diy-ideenreich.de\/index.php?rest_route=\/wp\/v2\/media\/997"}],"wp:attachment":[{"href":"http:\/\/diy-ideenreich.de\/index.php?rest_route=%2Fwp%2Fv2%2Fmedia&parent=995"}],"wp:term":[{"taxonomy":"category","embeddable":true,"href":"http:\/\/diy-ideenreich.de\/index.php?rest_route=%2Fwp%2Fv2%2Fcategories&post=995"},{"taxonomy":"post_tag","embeddable":true,"href":"http:\/\/diy-ideenreich.de\/index.php?rest_route=%2Fwp%2Fv2%2Ftags&post=995"}],"curies":[{"name":"wp","href":"https:\/\/api.w.org\/{rel}","templated":true}]}}